{"id":83967,"date":"2020-11-25T19:00:58","date_gmt":"2020-11-25T22:00:58","guid":{"rendered":"https:\/\/eldiariodesanpedro.com.ar\/sitio\/?p=83967"},"modified":"2020-11-25T19:01:02","modified_gmt":"2020-11-25T22:01:02","slug":"firma-de-convenio-para-obras-en-barrio-estrada-y-barrio-futuro","status":"publish","type":"post","link":"https:\/\/eldiariodesanpedro.com.ar\/sitio\/firma-de-convenio-para-obras-en-barrio-estrada-y-barrio-futuro\/","title":{"rendered":"Firma de convenio para obras en Barrio Estrada y Barrio Futuro"},"content":{"rendered":"<!-- VideographyWP Plugin Message: Automatic video embedding prevented by plugin options. -->\n\n<p>Se firm\u00f3 esta ma\u00f1ana en el despacho del Intendente Municipal, un nuevo convenio espec\u00edfico en el marco del Programa \u00abArgentina Hace 2\u00bb del Ministerio de Obras P\u00fablicas de Naci\u00f3n dirigido por el Ministro Gabriel Katopodis.<\/p>\n\n\n\n<p>El convenio firmado esta destinado al financiamiento de una obra de pavimentaci\u00f3n de Barrio Estrada y Barrio Futuro, por el monto de $42.843.794,40, se estipula un plazo de obra de 90 d\u00edas y la obra ser\u00e1 contratada mediante licitaci\u00f3n p\u00fablica.<\/p>\n\n\n\n<p>El plan abarca un total de 53 cuadras sumando ambos barrios, en las que se trabajar\u00e1 en la reconformaci\u00f3n de la base con un suelo tosca cal y la ejecuci\u00f3n de una carpeta asf\u00e1ltica en caliente de 4cm de espesor. Esta obra es otra etapa del programa integral de pavimentaci\u00f3n que se viene llevando a cabo en el Partido de San Pedro durante la gesti\u00f3n del Intendente Salazar.<\/p>\n\n\n\n<figure class=\"wp-block-image size-large\"><img decoding=\"async\" width=\"1024\" height=\"484\" data-attachment-id=\"83969\" data-permalink=\"https:\/\/eldiariodesanpedro.com.ar\/sitio\/firma-de-convenio-para-obras-en-barrio-estrada-y-barrio-futuro\/127632116_119818753138677_3251989647013973290_n\/\" data-orig-file=\"https:\/\/eldiariodesanpedro.com.ar\/sitio\/wp-content\/uploads\/2020\/11\/127632116_119818753138677_3251989647013973290_n.jpg\" data-orig-size=\"1080,510\" data-comments-opened=\"1\" data-image-meta=\"{&quot;aperture&quot;:&quot;0&quot;,&quot;credit&quot;:&quot;&quot;,&quot;camera&quot;:&quot;&quot;,&quot;caption&quot;:&quot;&quot;,&quot;created_timestamp&quot;:&quot;0&quot;,&quot;copyright&quot;:&quot;&quot;,&quot;focal_length&quot;:&quot;0&quot;,&quot;iso&quot;:&quot;0&quot;,&quot;shutter_speed&quot;:&quot;0&quot;,&quot;title&quot;:&quot;&quot;,&quot;orientation&quot;:&quot;0&quot;}\" data-image-title=\"127632116_119818753138677_3251989647013973290_n\" data-image-description=\"\" data-image-caption=\"\" data-large-file=\"https:\/\/eldiariodesanpedro.com.ar\/sitio\/wp-content\/uploads\/2020\/11\/127632116_119818753138677_3251989647013973290_n-1024x484.jpg\" data-src=\"https:\/\/eldiariodesanpedro.com.ar\/sitio\/wp-content\/uploads\/2020\/11\/127632116_119818753138677_3251989647013973290_n-1024x484.jpg\" alt=\"\" class=\"wp-image-83969 lazyload\" data-srcset=\"https:\/\/eldiariodesanpedro.com.ar\/sitio\/wp-content\/uploads\/2020\/11\/127632116_119818753138677_3251989647013973290_n-1024x484.jpg 1024w, https:\/\/eldiariodesanpedro.com.ar\/sitio\/wp-content\/uploads\/2020\/11\/127632116_119818753138677_3251989647013973290_n-300x142.jpg 300w, https:\/\/eldiariodesanpedro.com.ar\/sitio\/wp-content\/uploads\/2020\/11\/127632116_119818753138677_3251989647013973290_n-768x363.jpg 768w, https:\/\/eldiariodesanpedro.com.ar\/sitio\/wp-content\/uploads\/2020\/11\/127632116_119818753138677_3251989647013973290_n.jpg 1080w\" data-sizes=\"(max-width: 1024px) 100vw, 1024px\" src=\"data:image\/svg+xml;base64,PHN2ZyB3aWR0aD0iMSIgaGVpZ2h0PSIxIiB4bWxucz0iaHR0cDovL3d3dy53My5vcmcvMjAwMC9zdmciPjwvc3ZnPg==\" style=\"--smush-placeholder-width: 1024px; --smush-placeholder-aspect-ratio: 1024\/484;\" \/><\/figure>\n\n\n\n<figure class=\"wp-block-image size-large\"><img decoding=\"async\" width=\"1024\" height=\"484\" data-attachment-id=\"83968\" data-permalink=\"https:\/\/eldiariodesanpedro.com.ar\/sitio\/firma-de-convenio-para-obras-en-barrio-estrada-y-barrio-futuro\/127800415_371522750739353_424876300664487788_n\/\" data-orig-file=\"https:\/\/eldiariodesanpedro.com.ar\/sitio\/wp-content\/uploads\/2020\/11\/127800415_371522750739353_424876300664487788_n.jpg\" data-orig-size=\"1080,510\" data-comments-opened=\"1\" data-image-meta=\"{&quot;aperture&quot;:&quot;0&quot;,&quot;credit&quot;:&quot;&quot;,&quot;camera&quot;:&quot;&quot;,&quot;caption&quot;:&quot;&quot;,&quot;created_timestamp&quot;:&quot;0&quot;,&quot;copyright&quot;:&quot;&quot;,&quot;focal_length&quot;:&quot;0&quot;,&quot;iso&quot;:&quot;0&quot;,&quot;shutter_speed&quot;:&quot;0&quot;,&quot;title&quot;:&quot;&quot;,&quot;orientation&quot;:&quot;0&quot;}\" data-image-title=\"127800415_371522750739353_424876300664487788_n\" data-image-description=\"\" data-image-caption=\"\" data-large-file=\"https:\/\/eldiariodesanpedro.com.ar\/sitio\/wp-content\/uploads\/2020\/11\/127800415_371522750739353_424876300664487788_n-1024x484.jpg\" data-src=\"https:\/\/eldiariodesanpedro.com.ar\/sitio\/wp-content\/uploads\/2020\/11\/127800415_371522750739353_424876300664487788_n-1024x484.jpg\" alt=\"\" class=\"wp-image-83968 lazyload\" data-srcset=\"https:\/\/eldiariodesanpedro.com.ar\/sitio\/wp-content\/uploads\/2020\/11\/127800415_371522750739353_424876300664487788_n-1024x484.jpg 1024w, https:\/\/eldiariodesanpedro.com.ar\/sitio\/wp-content\/uploads\/2020\/11\/127800415_371522750739353_424876300664487788_n-300x142.jpg 300w, https:\/\/eldiariodesanpedro.com.ar\/sitio\/wp-content\/uploads\/2020\/11\/127800415_371522750739353_424876300664487788_n-768x363.jpg 768w, https:\/\/eldiariodesanpedro.com.ar\/sitio\/wp-content\/uploads\/2020\/11\/127800415_371522750739353_424876300664487788_n.jpg 1080w\" data-sizes=\"(max-width: 1024px) 100vw, 1024px\" src=\"data:image\/svg+xml;base64,PHN2ZyB3aWR0aD0iMSIgaGVpZ2h0PSIxIiB4bWxucz0iaHR0cDovL3d3dy53My5vcmcvMjAwMC9zdmciPjwvc3ZnPg==\" style=\"--smush-placeholder-width: 1024px; --smush-placeholder-aspect-ratio: 1024\/484;\" \/><\/figure>\n","protected":false},"excerpt":{"rendered":"<p>Se firm\u00f3 esta ma\u00f1ana en el despacho del Intendente Municipal, un nuevo convenio espec\u00edfico en el marco del Programa \u00abArgentina Hace 2\u00bb del Ministerio de Obras P\u00fablicas de Naci\u00f3n dirigido por el Ministro Gabriel Katopodis. El convenio firmado esta destinado al financiamiento de una obra de pavimentaci\u00f3n de Barrio Estrada y Barrio Futuro, por el [&hellip;]<\/p>\n","protected":false},"author":4,"featured_media":83968,"comment_status":"open","ping_status":"closed","sticky":false,"template":"","format":"standard","meta":{"om_disable_all_campaigns":false,"_jetpack_memberships_contains_paid_content":false,"footnotes":""},"categories":[50,101,2],"tags":[],"class_list":["post-83967","post","type-post","status-publish","format-standard","has-post-thumbnail","hentry","category-destacadas","category-interes-general-locales","category-locales"],"aioseo_notices":[],"gutentor_comment":0,"jetpack_featured_media_url":"https:\/\/eldiariodesanpedro.com.ar\/sitio\/wp-content\/uploads\/2020\/11\/127800415_371522750739353_424876300664487788_n.jpg","jetpack_shortlink":"https:\/\/wp.me\/p6RhLt-lQj","jetpack_sharing_enabled":true,"_links":{"self":[{"href":"https:\/\/eldiariodesanpedro.com.ar\/sitio\/wp-json\/wp\/v2\/posts\/83967","targetHints":{"allow":["GET"]}}],"collection":[{"href":"https:\/\/eldiariodesanpedro.com.ar\/sitio\/wp-json\/wp\/v2\/posts"}],"about":[{"href":"https:\/\/eldiariodesanpedro.com.ar\/sitio\/wp-json\/wp\/v2\/types\/post"}],"author":[{"embeddable":true,"href":"https:\/\/eldiariodesanpedro.com.ar\/sitio\/wp-json\/wp\/v2\/users\/4"}],"replies":[{"embeddable":true,"href":"https:\/\/eldiariodesanpedro.com.ar\/sitio\/wp-json\/wp\/v2\/comments?post=83967"}],"version-history":[{"count":1,"href":"https:\/\/eldiariodesanpedro.com.ar\/sitio\/wp-json\/wp\/v2\/posts\/83967\/revisions"}],"predecessor-version":[{"id":83971,"href":"https:\/\/eldiariodesanpedro.com.ar\/sitio\/wp-json\/wp\/v2\/posts\/83967\/revisions\/83971"}],"wp:featuredmedia":[{"embeddable":true,"href":"https:\/\/eldiariodesanpedro.com.ar\/sitio\/wp-json\/wp\/v2\/media\/83968"}],"wp:attachment":[{"href":"https:\/\/eldiariodesanpedro.com.ar\/sitio\/wp-json\/wp\/v2\/media?parent=83967"}],"wp:term":[{"taxonomy":"category","embeddable":true,"href":"https:\/\/eldiariodesanpedro.com.ar\/sitio\/wp-json\/wp\/v2\/categories?post=83967"},{"taxonomy":"post_tag","embeddable":true,"href":"https:\/\/eldiariodesanpedro.com.ar\/sitio\/wp-json\/wp\/v2\/tags?post=83967"}],"curies":[{"name":"wp","href":"https:\/\/api.w.org\/{rel}","templated":true}]}}