{"id":83959,"date":"2020-11-25T12:25:55","date_gmt":"2020-11-25T15:25:55","guid":{"rendered":"https:\/\/eldiariodesanpedro.com.ar\/sitio\/?p=83959"},"modified":"2020-11-25T12:25:58","modified_gmt":"2020-11-25T15:25:58","slug":"el-gobierno-autorizo-eventos-culturales-al-aire-libre-de-hasta-100-personas-en-la-provincia-de-buenos-aires","status":"publish","type":"post","link":"https:\/\/eldiariodesanpedro.com.ar\/sitio\/el-gobierno-autorizo-eventos-culturales-al-aire-libre-de-hasta-100-personas-en-la-provincia-de-buenos-aires\/","title":{"rendered":"El Gobierno autoriz\u00f3 eventos culturales al aire libre de hasta 100 personas en la provincia de Buenos Aires"},"content":{"rendered":"<!-- VideographyWP Plugin Message: Automatic video embedding prevented by plugin options. -->\n\n<p>Los shows podr\u00e1n durar hasta 90 minutos y llevarse a cabo en la medida en que se pueda garantizar una superficie de ocupaci\u00f3n de 4 metros cuadrados por persona. Habr\u00e1 control de temperatura y utilizaci\u00f3n de c\u00f3digos QR.<\/p>\n\n\n\n<p>En el marco de nuevas flexibilizaciones en medio de la pandemia de coronavirus, el Gobierno Nacional autoriz\u00f3 la realizaci\u00f3n de eventos culturales al aire libre con un l\u00edmite de concurrencia de hasta 100 personas. El permiso cuenta con un extenso protocolo de higiene y seguridad para prevenci\u00f3n de casos de COVID-19 que incluye control de temperatura corporal, uso de tapabocas y alcohol en gel, l\u00edmite de duraci\u00f3n de shows de 90 minutos y utilizaci\u00f3n de c\u00f3digos QR.<\/p>\n\n\n\n<p>La medida fue oficializada este mi\u00e9rcoles a trav\u00e9s de la Decisi\u00f3n Administrativa 2101\/2020, que fue publicada en el Bolet\u00edn Oficial. En efecto, Naci\u00f3n -con el aval del jefe de Gabinete Santiago Cafiero y el ministro de Salud Gin\u00e9s Gonz\u00e1lez Garc\u00eda- dio el visto bueno a la solicitud que hizo Provincia de Buenos Aires para el desarrollo de eventos culturales al aire libre con concurrencia de hasta 100 personas en todo su territorio.<\/p>\n\n\n\n<p>De aqu\u00ed en m\u00e1s, ser\u00e1 el Gobierno bonaerense el que establezca la fecha de su efectiva reanudaci\u00f3n y las reglamentaciones necesarias para regular el alcance de la normativa de acuerdo a la situaci\u00f3n epidemiol\u00f3gica por el COVID-19.<\/p>\n\n\n\n<p>Junto con la solicitud, la administraci\u00f3n de Axel Kicillof, a trav\u00e9s del Ministerio de Producci\u00f3n, Ciencia e Innovaci\u00f3n Tecnol\u00f3gica, elabor\u00f3 un extenso protocolo de higiene y seguridad para el desarrollo de eventos culturales al aire libre en contexto de pandemia de coronavirus. En el mismo se estableci\u00f3 que los eventos culturales, ya sea en lugares de gesti\u00f3n privada como en espacios de gesti\u00f3n p\u00fablica, podr\u00e1n llevarse a cabo en la medida que se puedan garantizar una superficie de ocupaci\u00f3n en espacio libre de 4 metros cuadrados por persona.<\/p>\n\n\n\n<p>Al ingreso a este tipo de eventos, la organizaci\u00f3n de los mismos deber\u00e1 distribuir alcohol en gel y controlar la temperatura de los concurrentes, que a la vez deber\u00e1n utilizar tapaboca o barbijo. Adem\u00e1s, se recomienda fomentar el uso de canales electr\u00f3nicos, telef\u00f3nicos y alternativos para realizar operaciones, tr\u00e1mites y compras de entradas para evitar el uso de dinero efectivo.<\/p>\n\n\n\n<p>Fuente: <a href=\"https:\/\/www.infobae.com\/politica\/2020\/11\/25\/el-gobierno-autorizo-eventos-culturales-al-aire-libre-de-hasta-100-personas-en-la-provincia-de-buenos-aires\/\">Infobae<\/a><\/p>\n","protected":false},"excerpt":{"rendered":"<p>Los shows podr\u00e1n durar hasta 90 minutos y llevarse a cabo en la medida en que se pueda garantizar una superficie de ocupaci\u00f3n de 4 metros cuadrados por persona. Habr\u00e1 control de temperatura y utilizaci\u00f3n de c\u00f3digos QR. En el marco de nuevas flexibilizaciones en medio de la pandemia de coronavirus, el Gobierno Nacional autoriz\u00f3 [&hellip;]<\/p>\n","protected":false},"author":4,"featured_media":83960,"comment_status":"open","ping_status":"closed","sticky":false,"template":"","format":"standard","meta":{"om_disable_all_campaigns":false,"_jetpack_memberships_contains_paid_content":false,"footnotes":""},"categories":[621],"tags":[197,1929,1930,1931,1343,681],"class_list":["post-83959","post","type-post","status-publish","format-standard","has-post-thumbnail","hentry","category-regionales","tag-buenos-aires","tag-eventos-al-aire-libre","tag-eventos-culrurales","tag-eventos-culturales","tag-provinciales","tag-regionales"],"aioseo_notices":[],"gutentor_comment":0,"jetpack_featured_media_url":"https:\/\/eldiariodesanpedro.com.ar\/sitio\/wp-content\/uploads\/2020\/11\/VV72NNOYXNFOHDLEGQKPB2ZH7A.jpg","jetpack_shortlink":"https:\/\/wp.me\/p6RhLt-lQb","jetpack_sharing_enabled":true,"_links":{"self":[{"href":"https:\/\/eldiariodesanpedro.com.ar\/sitio\/wp-json\/wp\/v2\/posts\/83959","targetHints":{"allow":["GET"]}}],"collection":[{"href":"https:\/\/eldiariodesanpedro.com.ar\/sitio\/wp-json\/wp\/v2\/posts"}],"about":[{"href":"https:\/\/eldiariodesanpedro.com.ar\/sitio\/wp-json\/wp\/v2\/types\/post"}],"author":[{"embeddable":true,"href":"https:\/\/eldiariodesanpedro.com.ar\/sitio\/wp-json\/wp\/v2\/users\/4"}],"replies":[{"embeddable":true,"href":"https:\/\/eldiariodesanpedro.com.ar\/sitio\/wp-json\/wp\/v2\/comments?post=83959"}],"version-history":[{"count":1,"href":"https:\/\/eldiariodesanpedro.com.ar\/sitio\/wp-json\/wp\/v2\/posts\/83959\/revisions"}],"predecessor-version":[{"id":83961,"href":"https:\/\/eldiariodesanpedro.com.ar\/sitio\/wp-json\/wp\/v2\/posts\/83959\/revisions\/83961"}],"wp:featuredmedia":[{"embeddable":true,"href":"https:\/\/eldiariodesanpedro.com.ar\/sitio\/wp-json\/wp\/v2\/media\/83960"}],"wp:attachment":[{"href":"https:\/\/eldiariodesanpedro.com.ar\/sitio\/wp-json\/wp\/v2\/media?parent=83959"}],"wp:term":[{"taxonomy":"category","embeddable":true,"href":"https:\/\/eldiariodesanpedro.com.ar\/sitio\/wp-json\/wp\/v2\/categories?post=83959"},{"taxonomy":"post_tag","embeddable":true,"href":"https:\/\/eldiariodesanpedro.com.ar\/sitio\/wp-json\/wp\/v2\/tags?post=83959"}],"curies":[{"name":"wp","href":"https:\/\/api.w.org\/{rel}","templated":true}]}}