{"id":83955,"date":"2020-11-25T12:14:20","date_gmt":"2020-11-25T15:14:20","guid":{"rendered":"https:\/\/eldiariodesanpedro.com.ar\/sitio\/?p=83955"},"modified":"2020-11-25T12:14:24","modified_gmt":"2020-11-25T15:14:24","slug":"edicto-de-sucesion-de-americo-jose-ciapponi","status":"publish","type":"post","link":"https:\/\/eldiariodesanpedro.com.ar\/sitio\/edicto-de-sucesion-de-americo-jose-ciapponi\/","title":{"rendered":"Edicto de Sucesi\u00f3n de Americo Jose Ciapponi"},"content":{"rendered":"<!-- VideographyWP Plugin Message: Automatic video embedding prevented by plugin options. -->\n\n<p>El Juzgado de Paz Letrado de Villarino a cargo de la Dra Mirian L. Carpintino, Secretar\u00eda \u00danica a cargo del Dr. Rub\u00e9n M. de Bellis del Departamento judicial de Bah\u00eda Blanca\u00a0 cita y emplaza por treinta (30) d\u00edas a herederos y acreedores\u00a0 de <strong>Americo Jose Ciapponi<\/strong>.- Medanos ,9 de Noviembre de 2020.-<\/p>\n\n\n\n<p>DR. RUBEN M. DE BELLIS\u00a0<br>ABOGADO SECRETARIO<\/p>\n","protected":false},"excerpt":{"rendered":"<p>El Juzgado de Paz Letrado de Villarino a cargo de la Dra Mirian L. Carpintino, Secretar\u00eda \u00danica a cargo del Dr. Rub\u00e9n M. de Bellis del Departamento judicial de Bah\u00eda Blanca\u00a0 cita y emplaza por treinta (30) d\u00edas a herederos y acreedores\u00a0 de Americo Jose Ciapponi.- Medanos ,9 de Noviembre de 2020.- DR. RUBEN M. [&hellip;]<\/p>\n","protected":false},"author":4,"featured_media":81115,"comment_status":"open","ping_status":"closed","sticky":false,"template":"","format":"standard","meta":{"om_disable_all_campaigns":false,"_jetpack_memberships_contains_paid_content":false,"footnotes":""},"categories":[676,677],"tags":[1927,1121,1355,1122],"class_list":["post-83955","post","type-post","status-publish","format-standard","has-post-thumbnail","hentry","category-edictos","category-edictos-sucesorios","tag-americo-jose-ciapponi","tag-edicto","tag-judiciales","tag-sucesion"],"aioseo_notices":[],"gutentor_comment":0,"jetpack_featured_media_url":"https:\/\/eldiariodesanpedro.com.ar\/sitio\/wp-content\/uploads\/2020\/09\/Poder-Judicial.jpg","jetpack_shortlink":"https:\/\/wp.me\/p6RhLt-lQ7","jetpack_sharing_enabled":true,"_links":{"self":[{"href":"https:\/\/eldiariodesanpedro.com.ar\/sitio\/wp-json\/wp\/v2\/posts\/83955","targetHints":{"allow":["GET"]}}],"collection":[{"href":"https:\/\/eldiariodesanpedro.com.ar\/sitio\/wp-json\/wp\/v2\/posts"}],"about":[{"href":"https:\/\/eldiariodesanpedro.com.ar\/sitio\/wp-json\/wp\/v2\/types\/post"}],"author":[{"embeddable":true,"href":"https:\/\/eldiariodesanpedro.com.ar\/sitio\/wp-json\/wp\/v2\/users\/4"}],"replies":[{"embeddable":true,"href":"https:\/\/eldiariodesanpedro.com.ar\/sitio\/wp-json\/wp\/v2\/comments?post=83955"}],"version-history":[{"count":1,"href":"https:\/\/eldiariodesanpedro.com.ar\/sitio\/wp-json\/wp\/v2\/posts\/83955\/revisions"}],"predecessor-version":[{"id":83956,"href":"https:\/\/eldiariodesanpedro.com.ar\/sitio\/wp-json\/wp\/v2\/posts\/83955\/revisions\/83956"}],"wp:featuredmedia":[{"embeddable":true,"href":"https:\/\/eldiariodesanpedro.com.ar\/sitio\/wp-json\/wp\/v2\/media\/81115"}],"wp:attachment":[{"href":"https:\/\/eldiariodesanpedro.com.ar\/sitio\/wp-json\/wp\/v2\/media?parent=83955"}],"wp:term":[{"taxonomy":"category","embeddable":true,"href":"https:\/\/eldiariodesanpedro.com.ar\/sitio\/wp-json\/wp\/v2\/categories?post=83955"},{"taxonomy":"post_tag","embeddable":true,"href":"https:\/\/eldiariodesanpedro.com.ar\/sitio\/wp-json\/wp\/v2\/tags?post=83955"}],"curies":[{"name":"wp","href":"https:\/\/api.w.org\/{rel}","templated":true}]}}