{"id":83864,"date":"2020-11-23T10:46:31","date_gmt":"2020-11-23T13:46:31","guid":{"rendered":"https:\/\/eldiariodesanpedro.com.ar\/sitio\/?p=83864"},"modified":"2020-11-23T10:46:35","modified_gmt":"2020-11-23T13:46:35","slug":"cinco-personas-aprehendidas-por-ocasionar-disturbios","status":"publish","type":"post","link":"https:\/\/eldiariodesanpedro.com.ar\/sitio\/cinco-personas-aprehendidas-por-ocasionar-disturbios\/","title":{"rendered":"Cinco personas aprehendidas por ocasionar disturbios"},"content":{"rendered":"<!-- VideographyWP Plugin Message: Automatic video embedding prevented by plugin options. -->\n\n<p>Durante las jornadas de fin de semana la polic\u00eda de nuestra ciudad realiz\u00f3 varias aprehensiones de ciudadanos que se encontraban ocasionando disturbios en v\u00eda p\u00fablica.<\/p>\n\n\n\n<p>En total se aprehendieron a cuatro masculinos&nbsp; de 33, 31, 18, 27 y una femenina de 17 a\u00f1os que se encontraban ocasionando disturbios en la v\u00eda p\u00fablica alcoholizados, algunos de ellos inclusive con arma blanca.&nbsp;<\/p>\n\n\n\n<p>En cada caso intervino el Juzgado de Paz local realizando la correspondiente contravenci\u00f3n.<\/p>\n","protected":false},"excerpt":{"rendered":"<p>Durante las jornadas de fin de semana la polic\u00eda de nuestra ciudad realiz\u00f3 varias aprehensiones de ciudadanos que se encontraban ocasionando disturbios en v\u00eda p\u00fablica. En total se aprehendieron a cuatro masculinos&nbsp; de 33, 31, 18, 27 y una femenina de 17 a\u00f1os que se encontraban ocasionando disturbios en la v\u00eda p\u00fablica alcoholizados, algunos de [&hellip;]<\/p>\n","protected":false},"author":4,"featured_media":77910,"comment_status":"open","ping_status":"closed","sticky":false,"template":"","format":"standard","meta":{"om_disable_all_campaigns":false,"_jetpack_memberships_contains_paid_content":false,"footnotes":""},"categories":[2,103],"tags":[197,33,95,19],"class_list":["post-83864","post","type-post","status-publish","format-standard","has-post-thumbnail","hentry","category-locales","category-policiales-locales","tag-buenos-aires","tag-locales","tag-policiales","tag-san-pedro"],"aioseo_notices":[],"gutentor_comment":0,"jetpack_featured_media_url":"https:\/\/eldiariodesanpedro.com.ar\/sitio\/wp-content\/uploads\/2020\/07\/no_ssowqejple3k931nop1c56465t83uu31kc3o1tm219bh1_1_.jpg","jetpack_shortlink":"https:\/\/wp.me\/p6RhLt-lOE","jetpack_sharing_enabled":true,"_links":{"self":[{"href":"https:\/\/eldiariodesanpedro.com.ar\/sitio\/wp-json\/wp\/v2\/posts\/83864","targetHints":{"allow":["GET"]}}],"collection":[{"href":"https:\/\/eldiariodesanpedro.com.ar\/sitio\/wp-json\/wp\/v2\/posts"}],"about":[{"href":"https:\/\/eldiariodesanpedro.com.ar\/sitio\/wp-json\/wp\/v2\/types\/post"}],"author":[{"embeddable":true,"href":"https:\/\/eldiariodesanpedro.com.ar\/sitio\/wp-json\/wp\/v2\/users\/4"}],"replies":[{"embeddable":true,"href":"https:\/\/eldiariodesanpedro.com.ar\/sitio\/wp-json\/wp\/v2\/comments?post=83864"}],"version-history":[{"count":1,"href":"https:\/\/eldiariodesanpedro.com.ar\/sitio\/wp-json\/wp\/v2\/posts\/83864\/revisions"}],"predecessor-version":[{"id":83865,"href":"https:\/\/eldiariodesanpedro.com.ar\/sitio\/wp-json\/wp\/v2\/posts\/83864\/revisions\/83865"}],"wp:featuredmedia":[{"embeddable":true,"href":"https:\/\/eldiariodesanpedro.com.ar\/sitio\/wp-json\/wp\/v2\/media\/77910"}],"wp:attachment":[{"href":"https:\/\/eldiariodesanpedro.com.ar\/sitio\/wp-json\/wp\/v2\/media?parent=83864"}],"wp:term":[{"taxonomy":"category","embeddable":true,"href":"https:\/\/eldiariodesanpedro.com.ar\/sitio\/wp-json\/wp\/v2\/categories?post=83864"},{"taxonomy":"post_tag","embeddable":true,"href":"https:\/\/eldiariodesanpedro.com.ar\/sitio\/wp-json\/wp\/v2\/tags?post=83864"}],"curies":[{"name":"wp","href":"https:\/\/api.w.org\/{rel}","templated":true}]}}