{"id":83838,"date":"2020-11-20T08:43:45","date_gmt":"2020-11-20T11:43:45","guid":{"rendered":"https:\/\/eldiariodesanpedro.com.ar\/sitio\/?p=83838"},"modified":"2020-11-20T08:43:50","modified_gmt":"2020-11-20T11:43:50","slug":"pablo-guacone-voy-caminando-a-vuelta-de-obligado","status":"publish","type":"post","link":"https:\/\/eldiariodesanpedro.com.ar\/sitio\/pablo-guacone-voy-caminando-a-vuelta-de-obligado\/","title":{"rendered":"Pablo Guacone: \u201cVoy caminando a Vuelta de Obligado\u201d"},"content":{"rendered":"<!-- VideographyWP Plugin Message: Automatic video embedding prevented by plugin options. -->\n\n<p>A diez a\u00f1os del primer acto encabezado por Cristina Kircner, el ex Intendente ilustr\u00f3 el significado que tiene para \u00e9l esta fecha. Durante su gesti\u00f3n hubo cuatro actos organizados por el gobierno nacional.<\/p>\n\n\n\n<p>No caben dudas que durante la presidencia de Cristina Fern\u00e1ndez de Kirchner, a la batalla de Obligado, y aquella gesta hist\u00f3rica, se le dio el valor que nunca antes se le hab\u00eda otorgado.<\/p>\n\n\n\n<p>Despu\u00e9s de cuatro a\u00f1os que pasaron inadvertidos para el ex presidente Macri y la gobernadora Vidal, el sitio hist\u00f3rico vuelve a ser escenario de un acto oficial que ser\u00e1 encabezado por las principales autoridades nacionales y provinciales.<\/p>\n\n\n\n<p>Quien se refiri\u00f3 al D\u00eda de la Soberan\u00eda y todo lo que se logr\u00f3 hace 10 a\u00f1os cuando \u00e9l era Intendente fue Pablo Guacone, cuya gesti\u00f3n fue testigo de la puesta en valor del lugar en donde se desat\u00f3 la batalla y ahora volver\u00e1 a ser sede del acto oficial. &nbsp;&nbsp;<\/p>\n\n\n\n<p>Al ser consultado si iba a estar en el acto de este a\u00f1o sostuvo: \u201cVoy caminando a Vuelta de Obligado\u201d, destac\u00f3 el ex Intendente Guacone al cumplirse 10 a\u00f1os del primer acto encabezado por Cristina Fern\u00e1ndez de Kirchner.<\/p>\n\n\n\n<p>\u201cEl 20 de noviembre de 2010, hace 10 a\u00f1os atr\u00e1s, est\u00e1bamos inaugurando con la que hoy es la &nbsp;vicepresidenta. Para mi Vuelta de Obligado es algo muy especial. A m\u00ed me emocionan estas cosas, me satisfacen much\u00edsimo\u201d, manifest\u00f3.<\/p>\n\n\n\n<p>\u201cAquel d\u00eda fue un hecho hist\u00f3rico, fue un momento \u00fanico, sumamente emocionante y acompa\u00f1ado por toda la gente. Fue un momento \u00fanico y ojal\u00e1 que este d\u00e9cimo aniversario sea una fiesta porque marc\u00f3 un antes y un despu\u00e9s. Si no hubi\u00e9ramos tenido el coraje de esa gente en 1845, yo digo, qu\u00e9 ser\u00eda de nosotros hoy?\u201d, se pregunt\u00f3 Guacone.<\/p>\n\n\n\n<p>\u201cEsto que va a suceder es muy importante, m\u00e1s aun si tenemos en cuenta que durante el gobierno de Macri y Vidal no vino ni el portero, pero bueno, son estilos de gobierno. Obviamente que este gobierno nuevamente le da la importancia que se merece una fecha clave como es el 20 de noviembre en nuestra historia\u201d, resalt\u00f3 el ex Intendente Municipal.<\/p>\n\n\n\n<p>Fuente: <a href=\"https:\/\/www.sanpedroinforma.com.ar\/nota\/123814\/sociedad\/pablo-guacone-voy-caminando-a-vuelta-de-obligado.html\">San Pedro Informa<\/a><\/p>\n","protected":false},"excerpt":{"rendered":"<p>A diez a\u00f1os del primer acto encabezado por Cristina Kircner, el ex Intendente ilustr\u00f3 el significado que tiene para \u00e9l esta fecha. Durante su gesti\u00f3n hubo cuatro actos organizados por el gobierno nacional. No caben dudas que durante la presidencia de Cristina Fern\u00e1ndez de Kirchner, a la batalla de Obligado, y aquella gesta hist\u00f3rica, se [&hellip;]<\/p>\n","protected":false},"author":4,"featured_media":83839,"comment_status":"open","ping_status":"closed","sticky":false,"template":"","format":"standard","meta":{"om_disable_all_campaigns":false,"_jetpack_memberships_contains_paid_content":false,"footnotes":""},"categories":[50,101,2],"tags":[197,1917,696,33,19,577],"class_list":["post-83838","post","type-post","status-publish","format-standard","has-post-thumbnail","hentry","category-destacadas","category-interes-general-locales","category-locales","tag-buenos-aires","tag-guacone","tag-interes-general","tag-locales","tag-san-pedro","tag-san-pedro-bus"],"aioseo_notices":[],"gutentor_comment":0,"jetpack_featured_media_url":"https:\/\/eldiariodesanpedro.com.ar\/sitio\/wp-content\/uploads\/2020\/11\/000088363.jpg","jetpack_shortlink":"https:\/\/wp.me\/p6RhLt-lOe","jetpack_sharing_enabled":true,"_links":{"self":[{"href":"https:\/\/eldiariodesanpedro.com.ar\/sitio\/wp-json\/wp\/v2\/posts\/83838","targetHints":{"allow":["GET"]}}],"collection":[{"href":"https:\/\/eldiariodesanpedro.com.ar\/sitio\/wp-json\/wp\/v2\/posts"}],"about":[{"href":"https:\/\/eldiariodesanpedro.com.ar\/sitio\/wp-json\/wp\/v2\/types\/post"}],"author":[{"embeddable":true,"href":"https:\/\/eldiariodesanpedro.com.ar\/sitio\/wp-json\/wp\/v2\/users\/4"}],"replies":[{"embeddable":true,"href":"https:\/\/eldiariodesanpedro.com.ar\/sitio\/wp-json\/wp\/v2\/comments?post=83838"}],"version-history":[{"count":1,"href":"https:\/\/eldiariodesanpedro.com.ar\/sitio\/wp-json\/wp\/v2\/posts\/83838\/revisions"}],"predecessor-version":[{"id":83840,"href":"https:\/\/eldiariodesanpedro.com.ar\/sitio\/wp-json\/wp\/v2\/posts\/83838\/revisions\/83840"}],"wp:featuredmedia":[{"embeddable":true,"href":"https:\/\/eldiariodesanpedro.com.ar\/sitio\/wp-json\/wp\/v2\/media\/83839"}],"wp:attachment":[{"href":"https:\/\/eldiariodesanpedro.com.ar\/sitio\/wp-json\/wp\/v2\/media?parent=83838"}],"wp:term":[{"taxonomy":"category","embeddable":true,"href":"https:\/\/eldiariodesanpedro.com.ar\/sitio\/wp-json\/wp\/v2\/categories?post=83838"},{"taxonomy":"post_tag","embeddable":true,"href":"https:\/\/eldiariodesanpedro.com.ar\/sitio\/wp-json\/wp\/v2\/tags?post=83838"}],"curies":[{"name":"wp","href":"https:\/\/api.w.org\/{rel}","templated":true}]}}