{"id":83835,"date":"2020-11-20T08:41:00","date_gmt":"2020-11-20T11:41:00","guid":{"rendered":"https:\/\/eldiariodesanpedro.com.ar\/sitio\/?p=83835"},"modified":"2020-11-20T08:41:00","modified_gmt":"2020-11-20T11:41:00","slug":"todo-listo-para-la-llegada-del-presidente-alberto-fernandez-a-vuelta-de-obligado","status":"publish","type":"post","link":"https:\/\/eldiariodesanpedro.com.ar\/sitio\/todo-listo-para-la-llegada-del-presidente-alberto-fernandez-a-vuelta-de-obligado\/","title":{"rendered":"Todo listo para la llegada del presidente Alberto Fern\u00e1ndez a Vuelta de Obligado"},"content":{"rendered":"<!-- VideographyWP Plugin Message: Automatic video embedding prevented by plugin options. -->\n\n<p>El mandatario nacional junto a Kicillof y el Intendente Salazar encabezar\u00e1n el acto oficial. Dar\u00e1 inicio a las 11.30 horas y habr\u00e1 distintas alternativas que se ir\u00e1n apreciando a lo largo de la ceremonia.<\/p>\n\n\n\n<p>En Vuelta de Obligado ya est\u00e1 todo listo que en horas de la ma\u00f1ana de conmemore el D\u00eda de la Soberan\u00eda. Despu\u00e9s de cinco a\u00f1os de ausencia regresan al sitio hist\u00f3rico las autoridades nacionales, lo que le da a la ceremonia el volumen de importancia que parec\u00eda haber perdido.\u00a0<\/p>\n\n\n\n<p>El acto oficial dar\u00e1 comienzo a las 11.30 horas. Las autoridades nacionales y provinciales arribar\u00e1n unos minutos antes a Vuelta de Obligado y se dirigir\u00e1n al sector de la reserva y el monumento hist\u00f3rico donde estar\u00e1n expuestas las hist\u00f3ricas cadenas halladas hace pocas semanas por un pescador, las mismas que posteriormente quedar\u00e1n resguardadas en el Museo de la Batalla creado en noviembre de 2010 por el entonces Director de Cultura Jos\u00e9 Luis Aguilar, cuando por entonces se anunciaba la llegada de la presidenta Cristina Fern\u00e1ndez de Kirchner.&nbsp;<\/p>\n\n\n\n<p>El palco de las autoridades e invitados estar\u00e1 ubicado al lateral del monumento ideado por el artista Rogelio Polesello y para dar inicio una historiadora repasar\u00e1 detalles de lo que signific\u00f3 la Batalla de Vuelta de Obligado.<\/p>\n\n\n\n<p>El Intendente Salazar entregar\u00e1 un presente a las autoridades y se espera que el primer orador de la jornada sea el gobernador Axel Kicillof y le siga el Presidente Alberto Fern\u00e1ndez.<\/p>\n\n\n\n<p>El acto concluir\u00e1 con la cantautora y docente Nadia Larcher, quien entonar\u00e1 las estrofas del tema musical el Triunfo de Vuelta de Obligado.<\/p>\n\n\n\n<p>Las autoridades locales anunciaron que habr\u00e1 un sector asignado para la prensa y los militantes locales que se acerquen, aunque tambi\u00e9n se dispondr\u00e1 de distintos controles para que en la medida que se pueda se respeten las medidas sanitarias anunciadas.<\/p>\n\n\n\n<p>Las medidas de seguridad son variadas y ya comunicaron con los veh\u00edculos no oficiales que arriben al lugar podr\u00e1n avanzar solo hasta la plaza de ingreso a la localidad y luego, quienes deban dirigirse al sector del acto deber\u00e1n hacerlo de a pie.\u00a0\u00a0<\/p>\n\n\n\n<p>Fuente: <a href=\"https:\/\/www.sanpedroinforma.com.ar\/nota\/123813\/politica\/todo-listo-para-la-llegada-del-presidente-alberto-fernandez-a-vta-de-obligado.html\">San Pedro Informa<\/a><\/p>\n","protected":false},"excerpt":{"rendered":"<p>El mandatario nacional junto a Kicillof y el Intendente Salazar encabezar\u00e1n el acto oficial. Dar\u00e1 inicio a las 11.30 horas y habr\u00e1 distintas alternativas que se ir\u00e1n apreciando a lo largo de la ceremonia. En Vuelta de Obligado ya est\u00e1 todo listo que en horas de la ma\u00f1ana de conmemore el D\u00eda de la Soberan\u00eda. [&hellip;]<\/p>\n","protected":false},"author":4,"featured_media":83836,"comment_status":"open","ping_status":"closed","sticky":false,"template":"","format":"standard","meta":{"om_disable_all_campaigns":false,"_jetpack_memberships_contains_paid_content":false,"footnotes":""},"categories":[50,101,2],"tags":[197,696,33,1040],"class_list":["post-83835","post","type-post","status-publish","format-standard","has-post-thumbnail","hentry","category-destacadas","category-interes-general-locales","category-locales","tag-buenos-aires","tag-interes-general","tag-locales","tag-san-pedro-buenos-aires"],"aioseo_notices":[],"gutentor_comment":0,"jetpack_featured_media_url":"https:\/\/eldiariodesanpedro.com.ar\/sitio\/wp-content\/uploads\/2020\/11\/monumento-vuelta-de-obligado-1024x655-1.jpg","jetpack_shortlink":"https:\/\/wp.me\/p6RhLt-lOb","jetpack_sharing_enabled":true,"_links":{"self":[{"href":"https:\/\/eldiariodesanpedro.com.ar\/sitio\/wp-json\/wp\/v2\/posts\/83835","targetHints":{"allow":["GET"]}}],"collection":[{"href":"https:\/\/eldiariodesanpedro.com.ar\/sitio\/wp-json\/wp\/v2\/posts"}],"about":[{"href":"https:\/\/eldiariodesanpedro.com.ar\/sitio\/wp-json\/wp\/v2\/types\/post"}],"author":[{"embeddable":true,"href":"https:\/\/eldiariodesanpedro.com.ar\/sitio\/wp-json\/wp\/v2\/users\/4"}],"replies":[{"embeddable":true,"href":"https:\/\/eldiariodesanpedro.com.ar\/sitio\/wp-json\/wp\/v2\/comments?post=83835"}],"version-history":[{"count":1,"href":"https:\/\/eldiariodesanpedro.com.ar\/sitio\/wp-json\/wp\/v2\/posts\/83835\/revisions"}],"predecessor-version":[{"id":83837,"href":"https:\/\/eldiariodesanpedro.com.ar\/sitio\/wp-json\/wp\/v2\/posts\/83835\/revisions\/83837"}],"wp:featuredmedia":[{"embeddable":true,"href":"https:\/\/eldiariodesanpedro.com.ar\/sitio\/wp-json\/wp\/v2\/media\/83836"}],"wp:attachment":[{"href":"https:\/\/eldiariodesanpedro.com.ar\/sitio\/wp-json\/wp\/v2\/media?parent=83835"}],"wp:term":[{"taxonomy":"category","embeddable":true,"href":"https:\/\/eldiariodesanpedro.com.ar\/sitio\/wp-json\/wp\/v2\/categories?post=83835"},{"taxonomy":"post_tag","embeddable":true,"href":"https:\/\/eldiariodesanpedro.com.ar\/sitio\/wp-json\/wp\/v2\/tags?post=83835"}],"curies":[{"name":"wp","href":"https:\/\/api.w.org\/{rel}","templated":true}]}}