{"id":83831,"date":"2020-11-19T23:20:58","date_gmt":"2020-11-20T02:20:58","guid":{"rendered":"https:\/\/eldiariodesanpedro.com.ar\/sitio\/?p=83831"},"modified":"2020-11-19T23:21:02","modified_gmt":"2020-11-20T02:21:02","slug":"coronavirus-se-recibieron-8-positivos-y-24-negativos-activos-66","status":"publish","type":"post","link":"https:\/\/eldiariodesanpedro.com.ar\/sitio\/coronavirus-se-recibieron-8-positivos-y-24-negativos-activos-66\/","title":{"rendered":"Coronavirus: Se recibieron 8 positivos y 24 negativos, activos 66"},"content":{"rendered":"<!-- VideographyWP Plugin Message: Automatic video embedding prevented by plugin options. -->\n\n<p>La Secretar\u00eda de Salud de la Municipalidad de San Pedro informa la actualizaci\u00f3n de seguimiento a la Pandemia de Covid-19.<\/p>\n\n\n\n<ul class=\"wp-block-list\"><li><em>INFORME DIARIO<\/em><\/li><li>Con la nueva modalidad de env\u00edo y procesamiento de datos de los hisopados realizados a trav\u00e9s del sistema p\u00fablico analizados en el Laboratorio Central Lab, se enviaron a primera hora 41 muestras y se recibieron 27 resultados con <em>20 negativos y 7 positivos<\/em>.<br>Los positivos son mujeres de 29, 33 y 34 a\u00f1os; y hombres de 25, 27, 59 y 61 a\u00f1os.<\/li><\/ul>\n\n\n\n<p>Las otras 14 muestras enviadas al Laboratorio Central Lab son:<\/p>\n\n\n\n<ul class=\"wp-block-list\"><li>9 mujeres de 16, 21, 26, 29, 33, 34, 39, 58 y 73 a\u00f1os.<\/li><li>5 hombres de 21(2), 25, 43 y 85 a\u00f1os.<\/li><li>Se recibieron <em>4 resultados negativos<\/em> de las muestras que se encontraban pendientes.<\/li><li>Desde el Laboratorio del Hospital SADIV, fue recibido <em>1 resultado positivo<\/em> correspondiente a un hombre de 39 a\u00f1os.<\/li><\/ul>\n\n\n\n<p><em>Total de nuevos positivos: 8<\/em><br><em>Total de nuevos negativos: 24<\/em><\/p>\n\n\n\n<p><em>Resumen actualizado de informaci\u00f3n oficial<\/em><br>Positivos desde el inicio de la Pandemia: 1695<br>Activos: 66<br>Recuperados: 1572<br>Fallecidos: 57<br>\u00daltimo env\u00edo de muestras: 14<br>Muestras pendientes: 14<br>Negativos desde el inicio de la Pandemia: 2113<br>Los datos consignados en este informe corresponden a ex\u00e1menes realizados por PCR.<\/p>\n\n\n\n<p>&#x1f449; Usar tapabocas.<br>&#x1f449; Mantener la distancia m\u00ednima de 2 metros.<br>&#x1f449; Extremar la higiene de los espacios.<br>&#x1f449; Mantener las manos limpias.<\/p>\n\n\n\n<p><em>Se recuerda que, ante s\u00edntomas de tos seca, fiebre y dolor de garganta y la probabilidad de haber estado en contacto con enfermos o viajeros llegados desde las zonas transmisi\u00f3n local o comunitaria se puede llamar al 148 o 107.<\/em><\/p>\n","protected":false},"excerpt":{"rendered":"<p>La Secretar\u00eda de Salud de la Municipalidad de San Pedro informa la actualizaci\u00f3n de seguimiento a la Pandemia de Covid-19. INFORME DIARIO Con la nueva modalidad de env\u00edo y procesamiento de datos de los hisopados realizados a trav\u00e9s del sistema p\u00fablico analizados en el Laboratorio Central Lab, se enviaron a primera hora 41 muestras y [&hellip;]<\/p>\n","protected":false},"author":4,"featured_media":80227,"comment_status":"open","ping_status":"closed","sticky":false,"template":"","format":"standard","meta":{"om_disable_all_campaigns":false,"_jetpack_memberships_contains_paid_content":false,"footnotes":""},"categories":[101,2],"tags":[808,1031,33,19],"class_list":["post-83831","post","type-post","status-publish","format-standard","has-post-thumbnail","hentry","category-interes-general-locales","category-locales","tag-coronavirus","tag-interes-general-2","tag-locales","tag-san-pedro"],"aioseo_notices":[],"gutentor_comment":0,"jetpack_featured_media_url":"https:\/\/eldiariodesanpedro.com.ar\/sitio\/wp-content\/uploads\/2020\/08\/Test-coronavirus-2-768x510-1.jpg","jetpack_shortlink":"https:\/\/wp.me\/p6RhLt-lO7","jetpack_sharing_enabled":true,"_links":{"self":[{"href":"https:\/\/eldiariodesanpedro.com.ar\/sitio\/wp-json\/wp\/v2\/posts\/83831","targetHints":{"allow":["GET"]}}],"collection":[{"href":"https:\/\/eldiariodesanpedro.com.ar\/sitio\/wp-json\/wp\/v2\/posts"}],"about":[{"href":"https:\/\/eldiariodesanpedro.com.ar\/sitio\/wp-json\/wp\/v2\/types\/post"}],"author":[{"embeddable":true,"href":"https:\/\/eldiariodesanpedro.com.ar\/sitio\/wp-json\/wp\/v2\/users\/4"}],"replies":[{"embeddable":true,"href":"https:\/\/eldiariodesanpedro.com.ar\/sitio\/wp-json\/wp\/v2\/comments?post=83831"}],"version-history":[{"count":1,"href":"https:\/\/eldiariodesanpedro.com.ar\/sitio\/wp-json\/wp\/v2\/posts\/83831\/revisions"}],"predecessor-version":[{"id":83832,"href":"https:\/\/eldiariodesanpedro.com.ar\/sitio\/wp-json\/wp\/v2\/posts\/83831\/revisions\/83832"}],"wp:featuredmedia":[{"embeddable":true,"href":"https:\/\/eldiariodesanpedro.com.ar\/sitio\/wp-json\/wp\/v2\/media\/80227"}],"wp:attachment":[{"href":"https:\/\/eldiariodesanpedro.com.ar\/sitio\/wp-json\/wp\/v2\/media?parent=83831"}],"wp:term":[{"taxonomy":"category","embeddable":true,"href":"https:\/\/eldiariodesanpedro.com.ar\/sitio\/wp-json\/wp\/v2\/categories?post=83831"},{"taxonomy":"post_tag","embeddable":true,"href":"https:\/\/eldiariodesanpedro.com.ar\/sitio\/wp-json\/wp\/v2\/tags?post=83831"}],"curies":[{"name":"wp","href":"https:\/\/api.w.org\/{rel}","templated":true}]}}