{"id":83826,"date":"2020-11-19T20:11:13","date_gmt":"2020-11-19T23:11:13","guid":{"rendered":"https:\/\/eldiariodesanpedro.com.ar\/sitio\/?p=83826"},"modified":"2020-11-19T20:11:17","modified_gmt":"2020-11-19T23:11:17","slug":"mecos-vuelve-a-abrir-sus-puertas","status":"publish","type":"post","link":"https:\/\/eldiariodesanpedro.com.ar\/sitio\/mecos-vuelve-a-abrir-sus-puertas\/","title":{"rendered":"Mecos vuelve a abrir sus puertas"},"content":{"rendered":"<!-- VideographyWP Plugin Message: Automatic video embedding prevented by plugin options. -->\n\n<p>Una de las pizzer\u00edas mas tradicionales de San Pedro vuelve a abrir sus puertas para que los ciudadanos puedan ir a disfrutar de las mejor pizzas y empanas de la ciudad.<\/p>\n\n\n\n<p>Para volver a cenar en el sal\u00f3n se debe realizar una reserva previa.<\/p>\n\n\n\n<p>\u00ab<strong><em>Comunicamos a todos nuestros clientes que a partir del d\u00eda martes 17 estaremos abriendo nuestras puertas para cenar en nuestro sal\u00f3n!! Fueron meses muy duros para todos y agradecemos much\u00edsimo todo el aguante, la buena onda y el habernos apoyado en todos estos meses.. obviamente cumpliremos con los protocolos lo mejor posible poniendo lo mejor para el bien de ustedes y tambi\u00e9n de nuestro personal\u2026 como sabemos la capacidad de nuestro salon sera reducida a la mitad y para los dias VIERNES, S\u00c1BADOS Y DOMINGOS SE TRABAJAR\u00c1 \u00daNICAMENTE CON RESERVAS HASTA LAS 19HS DEL MISMO D\u00cdA !! Esperamos volver a disfrutar de verlos y siempre muy agradecidos de que nos sigan eligiendo!! LOS ESPERAMOS!!!!<\/em><\/strong>\u00ab<\/p>\n\n\n\n<figure class=\"wp-block-image size-large\"><img decoding=\"async\" width=\"1024\" height=\"683\" data-attachment-id=\"83829\" data-permalink=\"https:\/\/eldiariodesanpedro.com.ar\/sitio\/mecos-vuelve-a-abrir-sus-puertas\/dsc_0078-2\/\" data-orig-file=\"https:\/\/eldiariodesanpedro.com.ar\/sitio\/wp-content\/uploads\/2020\/11\/DSC_0078-scaled.jpg\" data-orig-size=\"2560,1707\" data-comments-opened=\"1\" data-image-meta=\"{&quot;aperture&quot;:&quot;1.8&quot;,&quot;credit&quot;:&quot;&quot;,&quot;camera&quot;:&quot;NIKON D3400&quot;,&quot;caption&quot;:&quot;&quot;,&quot;created_timestamp&quot;:&quot;1605733550&quot;,&quot;copyright&quot;:&quot;&quot;,&quot;focal_length&quot;:&quot;50&quot;,&quot;iso&quot;:&quot;2200&quot;,&quot;shutter_speed&quot;:&quot;0.008&quot;,&quot;title&quot;:&quot;&quot;,&quot;orientation&quot;:&quot;1&quot;}\" data-image-title=\"DSC_0078\" data-image-description=\"\" data-image-caption=\"\" data-large-file=\"https:\/\/eldiariodesanpedro.com.ar\/sitio\/wp-content\/uploads\/2020\/11\/DSC_0078-1024x683.jpg\" data-src=\"https:\/\/eldiariodesanpedro.com.ar\/sitio\/wp-content\/uploads\/2020\/11\/DSC_0078-1024x683.jpg\" alt=\"\" class=\"wp-image-83829 lazyload\" data-srcset=\"https:\/\/eldiariodesanpedro.com.ar\/sitio\/wp-content\/uploads\/2020\/11\/DSC_0078-1024x683.jpg 1024w, https:\/\/eldiariodesanpedro.com.ar\/sitio\/wp-content\/uploads\/2020\/11\/DSC_0078-300x200.jpg 300w, https:\/\/eldiariodesanpedro.com.ar\/sitio\/wp-content\/uploads\/2020\/11\/DSC_0078-768x512.jpg 768w, https:\/\/eldiariodesanpedro.com.ar\/sitio\/wp-content\/uploads\/2020\/11\/DSC_0078-1536x1024.jpg 1536w, https:\/\/eldiariodesanpedro.com.ar\/sitio\/wp-content\/uploads\/2020\/11\/DSC_0078-2048x1365.jpg 2048w\" data-sizes=\"(max-width: 1024px) 100vw, 1024px\" src=\"data:image\/svg+xml;base64,PHN2ZyB3aWR0aD0iMSIgaGVpZ2h0PSIxIiB4bWxucz0iaHR0cDovL3d3dy53My5vcmcvMjAwMC9zdmciPjwvc3ZnPg==\" style=\"--smush-placeholder-width: 1024px; --smush-placeholder-aspect-ratio: 1024\/683;\" \/><\/figure>\n\n\n\n<figure class=\"wp-block-image size-large\"><img decoding=\"async\" width=\"1024\" height=\"683\" data-attachment-id=\"83828\" data-permalink=\"https:\/\/eldiariodesanpedro.com.ar\/sitio\/mecos-vuelve-a-abrir-sus-puertas\/dsc_0076-2\/\" data-orig-file=\"https:\/\/eldiariodesanpedro.com.ar\/sitio\/wp-content\/uploads\/2020\/11\/DSC_0076-scaled.jpg\" data-orig-size=\"2560,1707\" data-comments-opened=\"1\" data-image-meta=\"{&quot;aperture&quot;:&quot;1.8&quot;,&quot;credit&quot;:&quot;&quot;,&quot;camera&quot;:&quot;NIKON D3400&quot;,&quot;caption&quot;:&quot;&quot;,&quot;created_timestamp&quot;:&quot;1605733535&quot;,&quot;copyright&quot;:&quot;&quot;,&quot;focal_length&quot;:&quot;50&quot;,&quot;iso&quot;:&quot;1600&quot;,&quot;shutter_speed&quot;:&quot;0.008&quot;,&quot;title&quot;:&quot;&quot;,&quot;orientation&quot;:&quot;1&quot;}\" data-image-title=\"DSC_0076\" data-image-description=\"\" data-image-caption=\"\" data-large-file=\"https:\/\/eldiariodesanpedro.com.ar\/sitio\/wp-content\/uploads\/2020\/11\/DSC_0076-1024x683.jpg\" data-src=\"https:\/\/eldiariodesanpedro.com.ar\/sitio\/wp-content\/uploads\/2020\/11\/DSC_0076-1024x683.jpg\" alt=\"\" class=\"wp-image-83828 lazyload\" data-srcset=\"https:\/\/eldiariodesanpedro.com.ar\/sitio\/wp-content\/uploads\/2020\/11\/DSC_0076-1024x683.jpg 1024w, https:\/\/eldiariodesanpedro.com.ar\/sitio\/wp-content\/uploads\/2020\/11\/DSC_0076-300x200.jpg 300w, https:\/\/eldiariodesanpedro.com.ar\/sitio\/wp-content\/uploads\/2020\/11\/DSC_0076-768x512.jpg 768w, https:\/\/eldiariodesanpedro.com.ar\/sitio\/wp-content\/uploads\/2020\/11\/DSC_0076-1536x1024.jpg 1536w, https:\/\/eldiariodesanpedro.com.ar\/sitio\/wp-content\/uploads\/2020\/11\/DSC_0076-2048x1365.jpg 2048w\" data-sizes=\"(max-width: 1024px) 100vw, 1024px\" src=\"data:image\/svg+xml;base64,PHN2ZyB3aWR0aD0iMSIgaGVpZ2h0PSIxIiB4bWxucz0iaHR0cDovL3d3dy53My5vcmcvMjAwMC9zdmciPjwvc3ZnPg==\" style=\"--smush-placeholder-width: 1024px; --smush-placeholder-aspect-ratio: 1024\/683;\" \/><\/figure>\n","protected":false},"excerpt":{"rendered":"<p>Una de las pizzer\u00edas mas tradicionales de San Pedro vuelve a abrir sus puertas para que los ciudadanos puedan ir a disfrutar de las mejor pizzas y empanas de la ciudad. Para volver a cenar en el sal\u00f3n se debe realizar una reserva previa. \u00abComunicamos a todos nuestros clientes que a partir del d\u00eda martes [&hellip;]<\/p>\n","protected":false},"author":4,"featured_media":83827,"comment_status":"open","ping_status":"closed","sticky":false,"template":"","format":"standard","meta":{"om_disable_all_campaigns":false,"_jetpack_memberships_contains_paid_content":false,"footnotes":""},"categories":[101,2],"tags":[197,696,33,1916],"class_list":["post-83826","post","type-post","status-publish","format-standard","has-post-thumbnail","hentry","category-interes-general-locales","category-locales","tag-buenos-aires","tag-interes-general","tag-locales","tag-mecos-pizzeria"],"aioseo_notices":[],"gutentor_comment":0,"jetpack_featured_media_url":"https:\/\/eldiariodesanpedro.com.ar\/sitio\/wp-content\/uploads\/2020\/11\/DSC_0067-scaled-e1605827405141.jpg","jetpack_shortlink":"https:\/\/wp.me\/p6RhLt-lO2","jetpack_sharing_enabled":true,"_links":{"self":[{"href":"https:\/\/eldiariodesanpedro.com.ar\/sitio\/wp-json\/wp\/v2\/posts\/83826","targetHints":{"allow":["GET"]}}],"collection":[{"href":"https:\/\/eldiariodesanpedro.com.ar\/sitio\/wp-json\/wp\/v2\/posts"}],"about":[{"href":"https:\/\/eldiariodesanpedro.com.ar\/sitio\/wp-json\/wp\/v2\/types\/post"}],"author":[{"embeddable":true,"href":"https:\/\/eldiariodesanpedro.com.ar\/sitio\/wp-json\/wp\/v2\/users\/4"}],"replies":[{"embeddable":true,"href":"https:\/\/eldiariodesanpedro.com.ar\/sitio\/wp-json\/wp\/v2\/comments?post=83826"}],"version-history":[{"count":1,"href":"https:\/\/eldiariodesanpedro.com.ar\/sitio\/wp-json\/wp\/v2\/posts\/83826\/revisions"}],"predecessor-version":[{"id":83830,"href":"https:\/\/eldiariodesanpedro.com.ar\/sitio\/wp-json\/wp\/v2\/posts\/83826\/revisions\/83830"}],"wp:featuredmedia":[{"embeddable":true,"href":"https:\/\/eldiariodesanpedro.com.ar\/sitio\/wp-json\/wp\/v2\/media\/83827"}],"wp:attachment":[{"href":"https:\/\/eldiariodesanpedro.com.ar\/sitio\/wp-json\/wp\/v2\/media?parent=83826"}],"wp:term":[{"taxonomy":"category","embeddable":true,"href":"https:\/\/eldiariodesanpedro.com.ar\/sitio\/wp-json\/wp\/v2\/categories?post=83826"},{"taxonomy":"post_tag","embeddable":true,"href":"https:\/\/eldiariodesanpedro.com.ar\/sitio\/wp-json\/wp\/v2\/tags?post=83826"}],"curies":[{"name":"wp","href":"https:\/\/api.w.org\/{rel}","templated":true}]}}