{"id":83769,"date":"2020-11-18T20:37:43","date_gmt":"2020-11-18T23:37:43","guid":{"rendered":"https:\/\/eldiariodesanpedro.com.ar\/sitio\/?p=83769"},"modified":"2020-11-18T20:37:45","modified_gmt":"2020-11-18T23:37:45","slug":"el-aumento-jubilatorio-es-del-5-y-el-haber-minimo-asciende-a-19-035-pesos","status":"publish","type":"post","link":"https:\/\/eldiariodesanpedro.com.ar\/sitio\/el-aumento-jubilatorio-es-del-5-y-el-haber-minimo-asciende-a-19-035-pesos\/","title":{"rendered":"El aumento jubilatorio es del 5% y el haber m\u00ednimo asciende a 19.035 pesos"},"content":{"rendered":"<!-- VideographyWP Plugin Message: Automatic video embedding prevented by plugin options. -->\n\n<p>El aumento a las jubilaciones, pensiones y asignaciones ser\u00e1 del 5%. As\u00ed la jubilaci\u00f3n m\u00ednima en el pa\u00eds asciende a 19.035 pesos. El aumento establecido por decreto representa un presupuesto de 17.500 millones de pesos. De esta manera, el haber m\u00ednimo habr\u00e1 tenido un incremento del 35,3% en el a\u00f1o. Tambi\u00e9n significa que le ganar\u00e1n a la inflaci\u00f3n m\u00e1s del 75% de los beneficios previsionales y m\u00e1s del 70% de los jubilados, jubiladas, pensionados y pensionadas.<\/p>\n\n\n\n<p>El anuncio fue realizado por el jefe de Gabinete de Ministros,&nbsp;<strong>Santiago Cafiero<\/strong>, y la directora ejecutiva de la ANSES,&nbsp;<strong>Fernanda Raverta<\/strong>, en la Casa de Gobierno.&nbsp;<strong>Cafiero&nbsp;<\/strong>afirm\u00f3:&nbsp;<em>\u201cEstamos recomponiendo las p\u00e9rdidas que se arrastraban desde 2018. P\u00e9rdidas de hasta el 19% con el gobierno anterior\u201d<\/em>. A su vez,&nbsp;<strong>Fernanda Raverta&nbsp;<\/strong>agreg\u00f3:&nbsp;<em>\u201cEstamos ac\u00e1 para contarles una buena noticia: el aumento por decreto de los haberes por parte del presidente Alberto Fern\u00e1ndez porque queremos proteger y cuidar a los jubilados y las jubiladas. Recuperar de una vez y para siempre la capacidad de compra de nuestros abuelos y abuelas\u00bb.<\/em><\/p>\n\n\n\n<p>El incremento beneficiar\u00e1 a m\u00e1s de 7,1 millones de adultos mayores, a 8,8 millones de ni\u00f1os, ni\u00f1as y adolescentes y a m\u00e1s de 800 mil c\u00f3nyuges que perciben asignaciones.<\/p>\n\n\n\n<p>Este aumento se suma a otras medidas que tambi\u00e9n sirvieron para mejorar la calidad de vida de la poblaci\u00f3n como el congelamiento de las tarifas de servicios p\u00fablicos, la suspensi\u00f3n transitoria del cobro y la condonaci\u00f3n de los intereses de los cr\u00e9ditos ANSES, los m\u00e1s de 170 remedios gratuitos a trav\u00e9s del PAMI mediante la implementaci\u00f3n del nuevo vadem\u00e9cum y los bonos oportunamente otorgados a beneficiarios de los haberes m\u00e1s bajos y a la AUH y a la AUE.<\/p>\n\n\n\n<p>De esta manera, el 87% de los beneficiarios del sistema de seguridad social mejorar\u00e1 su poder adquisitivo. Un gran logro tras el esfuerzo que hizo el Estado Nacional para cubrir las nuevas necesidades sociales que surgieron por la pandemia y que requirieron de acciones concretas como el Ingreso Familiar de Emergencia (IFE) y el programa de Asistencia al Trabajo y la Producci\u00f3n (ATP).<\/p>\n","protected":false},"excerpt":{"rendered":"<p>El aumento a las jubilaciones, pensiones y asignaciones ser\u00e1 del 5%. As\u00ed la jubilaci\u00f3n m\u00ednima en el pa\u00eds asciende a 19.035 pesos. El aumento establecido por decreto representa un presupuesto de 17.500 millones de pesos. De esta manera, el haber m\u00ednimo habr\u00e1 tenido un incremento del 35,3% en el a\u00f1o. Tambi\u00e9n significa que le ganar\u00e1n [&hellip;]<\/p>\n","protected":false},"author":4,"featured_media":83770,"comment_status":"open","ping_status":"closed","sticky":false,"template":"","format":"standard","meta":{"om_disable_all_campaigns":false,"_jetpack_memberships_contains_paid_content":false,"footnotes":""},"categories":[101,2],"tags":[602,188,197,605,19],"class_list":["post-83769","post","type-post","status-publish","format-standard","has-post-thumbnail","hentry","category-interes-general-locales","category-locales","tag-anses","tag-aumento","tag-buenos-aires","tag-jubilados","tag-san-pedro"],"aioseo_notices":[],"gutentor_comment":0,"jetpack_featured_media_url":"https:\/\/eldiariodesanpedro.com.ar\/sitio\/wp-content\/uploads\/2020\/11\/Anses_1550017638.jpg","jetpack_shortlink":"https:\/\/wp.me\/p6RhLt-lN7","jetpack_sharing_enabled":true,"_links":{"self":[{"href":"https:\/\/eldiariodesanpedro.com.ar\/sitio\/wp-json\/wp\/v2\/posts\/83769","targetHints":{"allow":["GET"]}}],"collection":[{"href":"https:\/\/eldiariodesanpedro.com.ar\/sitio\/wp-json\/wp\/v2\/posts"}],"about":[{"href":"https:\/\/eldiariodesanpedro.com.ar\/sitio\/wp-json\/wp\/v2\/types\/post"}],"author":[{"embeddable":true,"href":"https:\/\/eldiariodesanpedro.com.ar\/sitio\/wp-json\/wp\/v2\/users\/4"}],"replies":[{"embeddable":true,"href":"https:\/\/eldiariodesanpedro.com.ar\/sitio\/wp-json\/wp\/v2\/comments?post=83769"}],"version-history":[{"count":1,"href":"https:\/\/eldiariodesanpedro.com.ar\/sitio\/wp-json\/wp\/v2\/posts\/83769\/revisions"}],"predecessor-version":[{"id":83771,"href":"https:\/\/eldiariodesanpedro.com.ar\/sitio\/wp-json\/wp\/v2\/posts\/83769\/revisions\/83771"}],"wp:featuredmedia":[{"embeddable":true,"href":"https:\/\/eldiariodesanpedro.com.ar\/sitio\/wp-json\/wp\/v2\/media\/83770"}],"wp:attachment":[{"href":"https:\/\/eldiariodesanpedro.com.ar\/sitio\/wp-json\/wp\/v2\/media?parent=83769"}],"wp:term":[{"taxonomy":"category","embeddable":true,"href":"https:\/\/eldiariodesanpedro.com.ar\/sitio\/wp-json\/wp\/v2\/categories?post=83769"},{"taxonomy":"post_tag","embeddable":true,"href":"https:\/\/eldiariodesanpedro.com.ar\/sitio\/wp-json\/wp\/v2\/tags?post=83769"}],"curies":[{"name":"wp","href":"https:\/\/api.w.org\/{rel}","templated":true}]}}