{"id":83760,"date":"2020-11-18T18:39:56","date_gmt":"2020-11-18T21:39:56","guid":{"rendered":"https:\/\/eldiariodesanpedro.com.ar\/sitio\/?p=83760"},"modified":"2020-11-18T18:39:57","modified_gmt":"2020-11-18T21:39:57","slug":"preparativos-para-el-acto-del-dia-de-la-soberania-con-la-presencia-del-presidente","status":"publish","type":"post","link":"https:\/\/eldiariodesanpedro.com.ar\/sitio\/preparativos-para-el-acto-del-dia-de-la-soberania-con-la-presencia-del-presidente\/","title":{"rendered":"Preparativos para el acto del D\u00eda de la Soberan\u00eda con la presencia del Presidente"},"content":{"rendered":"<!-- VideographyWP Plugin Message: Automatic video embedding prevented by plugin options. -->\n\n<p>Representantes de las \u00e1reas de Protocolo, Ceremonial y Prensa del Gobierno de la Naci\u00f3n estuvieron este mediod\u00eda en Vuelta de Obligado para coordinar junto al Intendente Cecilio Salazar y miembros de su equipo, detalles del acto que tendr\u00e1 lugar el pr\u00f3ximo viernes para conmemorar los 175\u00ba a\u00f1os del Combate de Obligado.<\/p>\n\n\n\n<p>Recorrieron el lugar y ajustaron detalles log\u00edsticos y operativos para llegada del Presidente Alberto Fern\u00e1ndez, el Gobernador Axel Kicillof y funcionarios de los gobiernos nacional y provincial, adem\u00e1s de invitados especiales.<\/p>\n\n\n\n<p>El acto ser\u00e1 a las 11:30 y por las diferentes condiciones que exigen las medidas preventivas por la Pandemia de Covid-19 ser\u00e1 coordinado totalmente por las autoridades nacionales con una capacidad limitada de asistentes y con una disposici\u00f3n especial de las autoridades que formar\u00e1n parte del mismo alrededor del monumento.<\/p>\n\n\n\n<figure class=\"wp-block-image size-large\"><img decoding=\"async\" width=\"960\" height=\"640\" data-attachment-id=\"83761\" data-permalink=\"https:\/\/eldiariodesanpedro.com.ar\/sitio\/preparativos-para-el-acto-del-dia-de-la-soberania-con-la-presencia-del-presidente\/125805968_469528917343945_6906783264872728008_n\/\" data-orig-file=\"https:\/\/eldiariodesanpedro.com.ar\/sitio\/wp-content\/uploads\/2020\/11\/125805968_469528917343945_6906783264872728008_n.jpg\" data-orig-size=\"960,640\" data-comments-opened=\"1\" data-image-meta=\"{&quot;aperture&quot;:&quot;0&quot;,&quot;credit&quot;:&quot;&quot;,&quot;camera&quot;:&quot;&quot;,&quot;caption&quot;:&quot;&quot;,&quot;created_timestamp&quot;:&quot;0&quot;,&quot;copyright&quot;:&quot;&quot;,&quot;focal_length&quot;:&quot;0&quot;,&quot;iso&quot;:&quot;0&quot;,&quot;shutter_speed&quot;:&quot;0&quot;,&quot;title&quot;:&quot;&quot;,&quot;orientation&quot;:&quot;0&quot;}\" data-image-title=\"125805968_469528917343945_6906783264872728008_n\" data-image-description=\"\" data-image-caption=\"\" data-large-file=\"https:\/\/eldiariodesanpedro.com.ar\/sitio\/wp-content\/uploads\/2020\/11\/125805968_469528917343945_6906783264872728008_n.jpg\" data-src=\"https:\/\/eldiariodesanpedro.com.ar\/sitio\/wp-content\/uploads\/2020\/11\/125805968_469528917343945_6906783264872728008_n.jpg\" alt=\"\" class=\"wp-image-83761 lazyload\" data-srcset=\"https:\/\/eldiariodesanpedro.com.ar\/sitio\/wp-content\/uploads\/2020\/11\/125805968_469528917343945_6906783264872728008_n.jpg 960w, https:\/\/eldiariodesanpedro.com.ar\/sitio\/wp-content\/uploads\/2020\/11\/125805968_469528917343945_6906783264872728008_n-300x200.jpg 300w, https:\/\/eldiariodesanpedro.com.ar\/sitio\/wp-content\/uploads\/2020\/11\/125805968_469528917343945_6906783264872728008_n-768x512.jpg 768w\" data-sizes=\"(max-width: 960px) 100vw, 960px\" src=\"data:image\/svg+xml;base64,PHN2ZyB3aWR0aD0iMSIgaGVpZ2h0PSIxIiB4bWxucz0iaHR0cDovL3d3dy53My5vcmcvMjAwMC9zdmciPjwvc3ZnPg==\" style=\"--smush-placeholder-width: 960px; --smush-placeholder-aspect-ratio: 960\/640;\" \/><\/figure>\n\n\n\n<figure class=\"wp-block-image size-large\"><img decoding=\"async\" width=\"960\" height=\"640\" data-attachment-id=\"83763\" data-permalink=\"https:\/\/eldiariodesanpedro.com.ar\/sitio\/preparativos-para-el-acto-del-dia-de-la-soberania-con-la-presencia-del-presidente\/125927184_399879024473396_7823157503186314703_n\/\" data-orig-file=\"https:\/\/eldiariodesanpedro.com.ar\/sitio\/wp-content\/uploads\/2020\/11\/125927184_399879024473396_7823157503186314703_n.jpg\" data-orig-size=\"960,640\" data-comments-opened=\"1\" data-image-meta=\"{&quot;aperture&quot;:&quot;0&quot;,&quot;credit&quot;:&quot;&quot;,&quot;camera&quot;:&quot;&quot;,&quot;caption&quot;:&quot;&quot;,&quot;created_timestamp&quot;:&quot;0&quot;,&quot;copyright&quot;:&quot;&quot;,&quot;focal_length&quot;:&quot;0&quot;,&quot;iso&quot;:&quot;0&quot;,&quot;shutter_speed&quot;:&quot;0&quot;,&quot;title&quot;:&quot;&quot;,&quot;orientation&quot;:&quot;0&quot;}\" data-image-title=\"125927184_399879024473396_7823157503186314703_n\" data-image-description=\"\" data-image-caption=\"\" data-large-file=\"https:\/\/eldiariodesanpedro.com.ar\/sitio\/wp-content\/uploads\/2020\/11\/125927184_399879024473396_7823157503186314703_n.jpg\" data-src=\"https:\/\/eldiariodesanpedro.com.ar\/sitio\/wp-content\/uploads\/2020\/11\/125927184_399879024473396_7823157503186314703_n.jpg\" alt=\"\" class=\"wp-image-83763 lazyload\" data-srcset=\"https:\/\/eldiariodesanpedro.com.ar\/sitio\/wp-content\/uploads\/2020\/11\/125927184_399879024473396_7823157503186314703_n.jpg 960w, https:\/\/eldiariodesanpedro.com.ar\/sitio\/wp-content\/uploads\/2020\/11\/125927184_399879024473396_7823157503186314703_n-300x200.jpg 300w, https:\/\/eldiariodesanpedro.com.ar\/sitio\/wp-content\/uploads\/2020\/11\/125927184_399879024473396_7823157503186314703_n-768x512.jpg 768w\" data-sizes=\"(max-width: 960px) 100vw, 960px\" src=\"data:image\/svg+xml;base64,PHN2ZyB3aWR0aD0iMSIgaGVpZ2h0PSIxIiB4bWxucz0iaHR0cDovL3d3dy53My5vcmcvMjAwMC9zdmciPjwvc3ZnPg==\" style=\"--smush-placeholder-width: 960px; --smush-placeholder-aspect-ratio: 960\/640;\" \/><\/figure>\n\n\n\n<figure class=\"wp-block-image size-large\"><img decoding=\"async\" width=\"960\" height=\"640\" data-attachment-id=\"83762\" data-permalink=\"https:\/\/eldiariodesanpedro.com.ar\/sitio\/preparativos-para-el-acto-del-dia-de-la-soberania-con-la-presencia-del-presidente\/125534813_408144386875758_3358935411829891901_n\/\" data-orig-file=\"https:\/\/eldiariodesanpedro.com.ar\/sitio\/wp-content\/uploads\/2020\/11\/125534813_408144386875758_3358935411829891901_n.jpg\" data-orig-size=\"960,640\" data-comments-opened=\"1\" data-image-meta=\"{&quot;aperture&quot;:&quot;0&quot;,&quot;credit&quot;:&quot;&quot;,&quot;camera&quot;:&quot;&quot;,&quot;caption&quot;:&quot;&quot;,&quot;created_timestamp&quot;:&quot;0&quot;,&quot;copyright&quot;:&quot;&quot;,&quot;focal_length&quot;:&quot;0&quot;,&quot;iso&quot;:&quot;0&quot;,&quot;shutter_speed&quot;:&quot;0&quot;,&quot;title&quot;:&quot;&quot;,&quot;orientation&quot;:&quot;0&quot;}\" data-image-title=\"125534813_408144386875758_3358935411829891901_n\" data-image-description=\"\" data-image-caption=\"\" data-large-file=\"https:\/\/eldiariodesanpedro.com.ar\/sitio\/wp-content\/uploads\/2020\/11\/125534813_408144386875758_3358935411829891901_n.jpg\" data-src=\"https:\/\/eldiariodesanpedro.com.ar\/sitio\/wp-content\/uploads\/2020\/11\/125534813_408144386875758_3358935411829891901_n.jpg\" alt=\"\" class=\"wp-image-83762 lazyload\" data-srcset=\"https:\/\/eldiariodesanpedro.com.ar\/sitio\/wp-content\/uploads\/2020\/11\/125534813_408144386875758_3358935411829891901_n.jpg 960w, https:\/\/eldiariodesanpedro.com.ar\/sitio\/wp-content\/uploads\/2020\/11\/125534813_408144386875758_3358935411829891901_n-300x200.jpg 300w, https:\/\/eldiariodesanpedro.com.ar\/sitio\/wp-content\/uploads\/2020\/11\/125534813_408144386875758_3358935411829891901_n-768x512.jpg 768w\" data-sizes=\"(max-width: 960px) 100vw, 960px\" src=\"data:image\/svg+xml;base64,PHN2ZyB3aWR0aD0iMSIgaGVpZ2h0PSIxIiB4bWxucz0iaHR0cDovL3d3dy53My5vcmcvMjAwMC9zdmciPjwvc3ZnPg==\" style=\"--smush-placeholder-width: 960px; --smush-placeholder-aspect-ratio: 960\/640;\" \/><\/figure>\n","protected":false},"excerpt":{"rendered":"<p>Representantes de las \u00e1reas de Protocolo, Ceremonial y Prensa del Gobierno de la Naci\u00f3n estuvieron este mediod\u00eda en Vuelta de Obligado para coordinar junto al Intendente Cecilio Salazar y miembros de su equipo, detalles del acto que tendr\u00e1 lugar el pr\u00f3ximo viernes para conmemorar los 175\u00ba a\u00f1os del Combate de Obligado. Recorrieron el lugar y [&hellip;]<\/p>\n","protected":false},"author":4,"featured_media":83764,"comment_status":"open","ping_status":"closed","sticky":false,"template":"","format":"standard","meta":{"om_disable_all_campaigns":false,"_jetpack_memberships_contains_paid_content":false,"footnotes":""},"categories":[50,101,2],"tags":[197,696,33,19],"class_list":["post-83760","post","type-post","status-publish","format-standard","has-post-thumbnail","hentry","category-destacadas","category-interes-general-locales","category-locales","tag-buenos-aires","tag-interes-general","tag-locales","tag-san-pedro"],"aioseo_notices":[],"gutentor_comment":0,"jetpack_featured_media_url":"https:\/\/eldiariodesanpedro.com.ar\/sitio\/wp-content\/uploads\/2020\/11\/125370302_382815396338301_1149110047174568964_n.jpg","jetpack_shortlink":"https:\/\/wp.me\/p6RhLt-lMY","jetpack_sharing_enabled":true,"_links":{"self":[{"href":"https:\/\/eldiariodesanpedro.com.ar\/sitio\/wp-json\/wp\/v2\/posts\/83760","targetHints":{"allow":["GET"]}}],"collection":[{"href":"https:\/\/eldiariodesanpedro.com.ar\/sitio\/wp-json\/wp\/v2\/posts"}],"about":[{"href":"https:\/\/eldiariodesanpedro.com.ar\/sitio\/wp-json\/wp\/v2\/types\/post"}],"author":[{"embeddable":true,"href":"https:\/\/eldiariodesanpedro.com.ar\/sitio\/wp-json\/wp\/v2\/users\/4"}],"replies":[{"embeddable":true,"href":"https:\/\/eldiariodesanpedro.com.ar\/sitio\/wp-json\/wp\/v2\/comments?post=83760"}],"version-history":[{"count":1,"href":"https:\/\/eldiariodesanpedro.com.ar\/sitio\/wp-json\/wp\/v2\/posts\/83760\/revisions"}],"predecessor-version":[{"id":83765,"href":"https:\/\/eldiariodesanpedro.com.ar\/sitio\/wp-json\/wp\/v2\/posts\/83760\/revisions\/83765"}],"wp:featuredmedia":[{"embeddable":true,"href":"https:\/\/eldiariodesanpedro.com.ar\/sitio\/wp-json\/wp\/v2\/media\/83764"}],"wp:attachment":[{"href":"https:\/\/eldiariodesanpedro.com.ar\/sitio\/wp-json\/wp\/v2\/media?parent=83760"}],"wp:term":[{"taxonomy":"category","embeddable":true,"href":"https:\/\/eldiariodesanpedro.com.ar\/sitio\/wp-json\/wp\/v2\/categories?post=83760"},{"taxonomy":"post_tag","embeddable":true,"href":"https:\/\/eldiariodesanpedro.com.ar\/sitio\/wp-json\/wp\/v2\/tags?post=83760"}],"curies":[{"name":"wp","href":"https:\/\/api.w.org\/{rel}","templated":true}]}}