{"id":83757,"date":"2020-11-18T18:14:00","date_gmt":"2020-11-18T21:14:00","guid":{"rendered":"https:\/\/eldiariodesanpedro.com.ar\/sitio\/?p=83757"},"modified":"2020-11-18T18:14:03","modified_gmt":"2020-11-18T21:14:03","slug":"este-ano-no-habra-premios-perla-deportiva","status":"publish","type":"post","link":"https:\/\/eldiariodesanpedro.com.ar\/sitio\/este-ano-no-habra-premios-perla-deportiva\/","title":{"rendered":"Este a\u00f1o no habr\u00e1 premios Perla Deportiva"},"content":{"rendered":"<!-- VideographyWP Plugin Message: Automatic video embedding prevented by plugin options. -->\n\n<p>El C\u00edrculo de Periodistas Deportivos de San Pedro informa que, debido a los hechos de p\u00fablico conocimiento por la pandemia Covid-19 y ante la escasa actividad deportiva durante el presente a\u00f1o, la Perla Deportiva 2020 no se llevar\u00e1 a cabo, tal como se realiza habitualmente todos los a\u00f1os.<\/p>\n\n\n\n<p>Augurando que el a\u00f1o venidero nos encuentre a todos inmersos en otra realidad, saludamos a deportistas, entrenadores, auspiciantes, amigos y vecinos de nuestro querido partido.<\/p>\n\n\n\n<p>           <strong>\u00a0 \u00a0 \u00a0Jos\u00e9 I. Macchia\u00a0 \u00a0 \u00a0 \u00a0 \u00a0 \u00a0 \u00a0 \u00a0 \u00a0 \u00a0 \u00a0 \u00a0 \u00a0 Jorge E. P\u00e9rez<\/strong><br>                     Presidente\u00a0 \u00a0 \u00a0 \u00a0 \u00a0 \u00a0 \u00a0 \u00a0 \u00a0 \u00a0 \u00a0 \u00a0 \u00a0 \u00a0 \u00a0 \u00a0 \u00a0 \u00a0Secretario \u00a0<\/p>\n","protected":false},"excerpt":{"rendered":"<p>El C\u00edrculo de Periodistas Deportivos de San Pedro informa que, debido a los hechos de p\u00fablico conocimiento por la pandemia Covid-19 y ante la escasa actividad deportiva durante el presente a\u00f1o, la Perla Deportiva 2020 no se llevar\u00e1 a cabo, tal como se realiza habitualmente todos los a\u00f1os. Augurando que el a\u00f1o venidero nos encuentre [&hellip;]<\/p>\n","protected":false},"author":4,"featured_media":83758,"comment_status":"open","ping_status":"closed","sticky":false,"template":"","format":"standard","meta":{"om_disable_all_campaigns":false,"_jetpack_memberships_contains_paid_content":false,"footnotes":""},"categories":[101,2],"tags":[197,696,33],"class_list":["post-83757","post","type-post","status-publish","format-standard","has-post-thumbnail","hentry","category-interes-general-locales","category-locales","tag-buenos-aires","tag-interes-general","tag-locales"],"aioseo_notices":[],"gutentor_comment":0,"jetpack_featured_media_url":"https:\/\/eldiariodesanpedro.com.ar\/sitio\/wp-content\/uploads\/2020\/11\/Perla-Deportiva.jpeg","jetpack_shortlink":"https:\/\/wp.me\/p6RhLt-lMV","jetpack_sharing_enabled":true,"_links":{"self":[{"href":"https:\/\/eldiariodesanpedro.com.ar\/sitio\/wp-json\/wp\/v2\/posts\/83757","targetHints":{"allow":["GET"]}}],"collection":[{"href":"https:\/\/eldiariodesanpedro.com.ar\/sitio\/wp-json\/wp\/v2\/posts"}],"about":[{"href":"https:\/\/eldiariodesanpedro.com.ar\/sitio\/wp-json\/wp\/v2\/types\/post"}],"author":[{"embeddable":true,"href":"https:\/\/eldiariodesanpedro.com.ar\/sitio\/wp-json\/wp\/v2\/users\/4"}],"replies":[{"embeddable":true,"href":"https:\/\/eldiariodesanpedro.com.ar\/sitio\/wp-json\/wp\/v2\/comments?post=83757"}],"version-history":[{"count":1,"href":"https:\/\/eldiariodesanpedro.com.ar\/sitio\/wp-json\/wp\/v2\/posts\/83757\/revisions"}],"predecessor-version":[{"id":83759,"href":"https:\/\/eldiariodesanpedro.com.ar\/sitio\/wp-json\/wp\/v2\/posts\/83757\/revisions\/83759"}],"wp:featuredmedia":[{"embeddable":true,"href":"https:\/\/eldiariodesanpedro.com.ar\/sitio\/wp-json\/wp\/v2\/media\/83758"}],"wp:attachment":[{"href":"https:\/\/eldiariodesanpedro.com.ar\/sitio\/wp-json\/wp\/v2\/media?parent=83757"}],"wp:term":[{"taxonomy":"category","embeddable":true,"href":"https:\/\/eldiariodesanpedro.com.ar\/sitio\/wp-json\/wp\/v2\/categories?post=83757"},{"taxonomy":"post_tag","embeddable":true,"href":"https:\/\/eldiariodesanpedro.com.ar\/sitio\/wp-json\/wp\/v2\/tags?post=83757"}],"curies":[{"name":"wp","href":"https:\/\/api.w.org\/{rel}","templated":true}]}}