{"id":83754,"date":"2020-11-18T18:05:16","date_gmt":"2020-11-18T21:05:16","guid":{"rendered":"https:\/\/eldiariodesanpedro.com.ar\/sitio\/?p=83754"},"modified":"2020-11-18T18:05:20","modified_gmt":"2020-11-18T21:05:20","slug":"el-centro-de-comercio-se-reanudan-las-charlas-con-empresarios","status":"publish","type":"post","link":"https:\/\/eldiariodesanpedro.com.ar\/sitio\/el-centro-de-comercio-se-reanudan-las-charlas-con-empresarios\/","title":{"rendered":"El Centro de Comercio se reanudan las charlas con empresarios"},"content":{"rendered":"<!-- VideographyWP Plugin Message: Automatic video embedding prevented by plugin options. -->\n\n<p>Luego de meses muy complejos para todos los sectores de la econom\u00eda y considerando que desde una entidad como el Centro de Comercio, Industria y Turismo es muy importante mantener un v\u00ednculo directo con los empresarios locales que han enfrentado la Pandemia y su impacto, se ha dispuesto reiniciar las rondas de encuentros para poder analizar situaciones generales y particulares de cada sector.<\/p>\n\n\n\n<p>Retomando una iniciativa que ofreci\u00f3 un espacio de intercambio con varios rubros de empresas, comercios y servicios, se han planificado reuniones con el mismo esp\u00edritu para poner a disposici\u00f3n de sus socios a la entidad y sus posibilidades de acompa\u00f1ar gestiones.<\/p>\n\n\n\n<p>El Presidente Ra\u00fal Cheyllada comparti\u00f3 uno de esos primeros encuentros con el empresario Juan Manuel Menisale, titular de un punto de venta local de electrodom\u00e9sticos, herramientas y productos para el hogar, en un excelente intercambio de ideas y proyectos.<\/p>\n\n\n\n<p>Del mismo modo,&nbsp;semanalmente se ir\u00e1n generando otros,&nbsp; y se invita a los socios que deseen acercarse a ponerse en contacto con la entidad para acompa\u00f1arlos, en este tiempo en el que se deben combinar la reactivaci\u00f3n junto al mantenimiento de medidas de cuidado y prevenci\u00f3n que permanecer\u00e1n por varios meses.<\/p>\n","protected":false},"excerpt":{"rendered":"<p>Luego de meses muy complejos para todos los sectores de la econom\u00eda y considerando que desde una entidad como el Centro de Comercio, Industria y Turismo es muy importante mantener un v\u00ednculo directo con los empresarios locales que han enfrentado la Pandemia y su impacto, se ha dispuesto reiniciar las rondas de encuentros para poder [&hellip;]<\/p>\n","protected":false},"author":4,"featured_media":83755,"comment_status":"open","ping_status":"closed","sticky":false,"template":"","format":"standard","meta":{"om_disable_all_campaigns":false,"_jetpack_memberships_contains_paid_content":false,"footnotes":""},"categories":[101,2],"tags":[197,696,33,19],"class_list":["post-83754","post","type-post","status-publish","format-standard","has-post-thumbnail","hentry","category-interes-general-locales","category-locales","tag-buenos-aires","tag-interes-general","tag-locales","tag-san-pedro"],"aioseo_notices":[],"gutentor_comment":0,"jetpack_featured_media_url":"https:\/\/eldiariodesanpedro.com.ar\/sitio\/wp-content\/uploads\/2020\/11\/menisale1.jpg","jetpack_shortlink":"https:\/\/wp.me\/p6RhLt-lMS","jetpack_sharing_enabled":true,"_links":{"self":[{"href":"https:\/\/eldiariodesanpedro.com.ar\/sitio\/wp-json\/wp\/v2\/posts\/83754","targetHints":{"allow":["GET"]}}],"collection":[{"href":"https:\/\/eldiariodesanpedro.com.ar\/sitio\/wp-json\/wp\/v2\/posts"}],"about":[{"href":"https:\/\/eldiariodesanpedro.com.ar\/sitio\/wp-json\/wp\/v2\/types\/post"}],"author":[{"embeddable":true,"href":"https:\/\/eldiariodesanpedro.com.ar\/sitio\/wp-json\/wp\/v2\/users\/4"}],"replies":[{"embeddable":true,"href":"https:\/\/eldiariodesanpedro.com.ar\/sitio\/wp-json\/wp\/v2\/comments?post=83754"}],"version-history":[{"count":1,"href":"https:\/\/eldiariodesanpedro.com.ar\/sitio\/wp-json\/wp\/v2\/posts\/83754\/revisions"}],"predecessor-version":[{"id":83756,"href":"https:\/\/eldiariodesanpedro.com.ar\/sitio\/wp-json\/wp\/v2\/posts\/83754\/revisions\/83756"}],"wp:featuredmedia":[{"embeddable":true,"href":"https:\/\/eldiariodesanpedro.com.ar\/sitio\/wp-json\/wp\/v2\/media\/83755"}],"wp:attachment":[{"href":"https:\/\/eldiariodesanpedro.com.ar\/sitio\/wp-json\/wp\/v2\/media?parent=83754"}],"wp:term":[{"taxonomy":"category","embeddable":true,"href":"https:\/\/eldiariodesanpedro.com.ar\/sitio\/wp-json\/wp\/v2\/categories?post=83754"},{"taxonomy":"post_tag","embeddable":true,"href":"https:\/\/eldiariodesanpedro.com.ar\/sitio\/wp-json\/wp\/v2\/tags?post=83754"}],"curies":[{"name":"wp","href":"https:\/\/api.w.org\/{rel}","templated":true}]}}