{"id":83743,"date":"2020-11-18T12:08:30","date_gmt":"2020-11-18T15:08:30","guid":{"rendered":"https:\/\/eldiariodesanpedro.com.ar\/sitio\/?p=83743"},"modified":"2020-11-18T12:08:34","modified_gmt":"2020-11-18T15:08:34","slug":"cuatro-aprehendidos-y-dos-armas-secuestradas-en-allanamiento","status":"publish","type":"post","link":"https:\/\/eldiariodesanpedro.com.ar\/sitio\/cuatro-aprehendidos-y-dos-armas-secuestradas-en-allanamiento\/","title":{"rendered":"Cuatro aprehendidos y dos armas secuestradas en allanamiento"},"content":{"rendered":"<!-- VideographyWP Plugin Message: Automatic video embedding prevented by plugin options. -->\n\n<p>En la tarde del lunes el personal de la comisar\u00eda juntamente con el Grupo GAD, personal de la Comisaria&nbsp; de la Mujer y la Familia, llevaron a&nbsp; cabo con orden judicial la orden de allanamiento solicitada por la UFI N\u00ba 07.&nbsp;<\/p>\n\n\n\n<p>La diligencia se realiz\u00f3 en dos objetivos, con relaci\u00f3n hecho delictivo denunciado en comisar\u00eda de la Mujer y la Filia&nbsp; el pasado 15 de noviembre de 2020, como v\u00edctima un ciudadano de 34 a\u00f1os, hecho caratulada da\u00f1os y amenazas&nbsp; agravadas.<\/p>\n\n\n\n<p>En primer lugar los trabajos se realizaron en una vivienda ubicada en calle Casella al 1100 donde se aprehendi\u00f3 a ciudadano de 29 a\u00f1os, secuestro de 1 escopeta solo ca\u00f1o culata madera calibre 28 y la cantidad de 25 cartuchos intactos posta guerra calibre 28. El segundo objetivo por parte de la polic\u00eda se realiz\u00f3 en una vivienda ubicada en calle Brenan al 1100, donde se aprehende a 2 ciudadanos de 20, 29 y&nbsp; una mujer de 31 a\u00f1os, como as\u00ed tambi\u00e9n al secuestro de 8 cartuchos intactos posta de guerra,&nbsp; un arma de fuego (tumbera) de fabricaci\u00f3n casera compuesta dos extremos ca\u00f1o met\u00e1lico.<\/p>\n\n\n\n<p>Consultada magistratura dispuso para con aprehendidos recuperaron la libertad en la ma\u00f1ana del martes.\u00a0<\/p>\n\n\n\n<figure class=\"wp-block-image size-large\"><img decoding=\"async\" width=\"1024\" height=\"768\" data-attachment-id=\"83745\" data-permalink=\"https:\/\/eldiariodesanpedro.com.ar\/sitio\/cuatro-aprehendidos-y-dos-armas-secuestradas-en-allanamiento\/125563099_165780965219192_288586188030715145_n\/\" data-orig-file=\"https:\/\/eldiariodesanpedro.com.ar\/sitio\/wp-content\/uploads\/2020\/11\/125563099_165780965219192_288586188030715145_n.jpg\" data-orig-size=\"1280,960\" data-comments-opened=\"1\" data-image-meta=\"{&quot;aperture&quot;:&quot;0&quot;,&quot;credit&quot;:&quot;&quot;,&quot;camera&quot;:&quot;&quot;,&quot;caption&quot;:&quot;&quot;,&quot;created_timestamp&quot;:&quot;0&quot;,&quot;copyright&quot;:&quot;&quot;,&quot;focal_length&quot;:&quot;0&quot;,&quot;iso&quot;:&quot;0&quot;,&quot;shutter_speed&quot;:&quot;0&quot;,&quot;title&quot;:&quot;&quot;,&quot;orientation&quot;:&quot;0&quot;}\" data-image-title=\"125563099_165780965219192_288586188030715145_n\" data-image-description=\"\" data-image-caption=\"\" data-large-file=\"https:\/\/eldiariodesanpedro.com.ar\/sitio\/wp-content\/uploads\/2020\/11\/125563099_165780965219192_288586188030715145_n-1024x768.jpg\" data-src=\"https:\/\/eldiariodesanpedro.com.ar\/sitio\/wp-content\/uploads\/2020\/11\/125563099_165780965219192_288586188030715145_n-1024x768.jpg\" alt=\"\" class=\"wp-image-83745 lazyload\" data-srcset=\"https:\/\/eldiariodesanpedro.com.ar\/sitio\/wp-content\/uploads\/2020\/11\/125563099_165780965219192_288586188030715145_n-1024x768.jpg 1024w, https:\/\/eldiariodesanpedro.com.ar\/sitio\/wp-content\/uploads\/2020\/11\/125563099_165780965219192_288586188030715145_n-300x225.jpg 300w, https:\/\/eldiariodesanpedro.com.ar\/sitio\/wp-content\/uploads\/2020\/11\/125563099_165780965219192_288586188030715145_n-768x576.jpg 768w, https:\/\/eldiariodesanpedro.com.ar\/sitio\/wp-content\/uploads\/2020\/11\/125563099_165780965219192_288586188030715145_n-500x375.jpg 500w, https:\/\/eldiariodesanpedro.com.ar\/sitio\/wp-content\/uploads\/2020\/11\/125563099_165780965219192_288586188030715145_n.jpg 1280w\" data-sizes=\"(max-width: 1024px) 100vw, 1024px\" src=\"data:image\/svg+xml;base64,PHN2ZyB3aWR0aD0iMSIgaGVpZ2h0PSIxIiB4bWxucz0iaHR0cDovL3d3dy53My5vcmcvMjAwMC9zdmciPjwvc3ZnPg==\" style=\"--smush-placeholder-width: 1024px; --smush-placeholder-aspect-ratio: 1024\/768;\" \/><\/figure>\n\n\n\n<figure class=\"wp-block-image size-large\"><img decoding=\"async\" width=\"1024\" height=\"768\" data-attachment-id=\"83746\" data-permalink=\"https:\/\/eldiariodesanpedro.com.ar\/sitio\/cuatro-aprehendidos-y-dos-armas-secuestradas-en-allanamiento\/125896564_878476939636202_7386877251792233185_n\/\" data-orig-file=\"https:\/\/eldiariodesanpedro.com.ar\/sitio\/wp-content\/uploads\/2020\/11\/125896564_878476939636202_7386877251792233185_n.jpg\" data-orig-size=\"1280,960\" data-comments-opened=\"1\" data-image-meta=\"{&quot;aperture&quot;:&quot;0&quot;,&quot;credit&quot;:&quot;&quot;,&quot;camera&quot;:&quot;&quot;,&quot;caption&quot;:&quot;&quot;,&quot;created_timestamp&quot;:&quot;0&quot;,&quot;copyright&quot;:&quot;&quot;,&quot;focal_length&quot;:&quot;0&quot;,&quot;iso&quot;:&quot;0&quot;,&quot;shutter_speed&quot;:&quot;0&quot;,&quot;title&quot;:&quot;&quot;,&quot;orientation&quot;:&quot;0&quot;}\" data-image-title=\"125896564_878476939636202_7386877251792233185_n\" data-image-description=\"\" data-image-caption=\"\" data-large-file=\"https:\/\/eldiariodesanpedro.com.ar\/sitio\/wp-content\/uploads\/2020\/11\/125896564_878476939636202_7386877251792233185_n-1024x768.jpg\" data-src=\"https:\/\/eldiariodesanpedro.com.ar\/sitio\/wp-content\/uploads\/2020\/11\/125896564_878476939636202_7386877251792233185_n-1024x768.jpg\" alt=\"\" class=\"wp-image-83746 lazyload\" data-srcset=\"https:\/\/eldiariodesanpedro.com.ar\/sitio\/wp-content\/uploads\/2020\/11\/125896564_878476939636202_7386877251792233185_n-1024x768.jpg 1024w, https:\/\/eldiariodesanpedro.com.ar\/sitio\/wp-content\/uploads\/2020\/11\/125896564_878476939636202_7386877251792233185_n-300x225.jpg 300w, https:\/\/eldiariodesanpedro.com.ar\/sitio\/wp-content\/uploads\/2020\/11\/125896564_878476939636202_7386877251792233185_n-768x576.jpg 768w, https:\/\/eldiariodesanpedro.com.ar\/sitio\/wp-content\/uploads\/2020\/11\/125896564_878476939636202_7386877251792233185_n-500x375.jpg 500w, https:\/\/eldiariodesanpedro.com.ar\/sitio\/wp-content\/uploads\/2020\/11\/125896564_878476939636202_7386877251792233185_n.jpg 1280w\" data-sizes=\"(max-width: 1024px) 100vw, 1024px\" src=\"data:image\/svg+xml;base64,PHN2ZyB3aWR0aD0iMSIgaGVpZ2h0PSIxIiB4bWxucz0iaHR0cDovL3d3dy53My5vcmcvMjAwMC9zdmciPjwvc3ZnPg==\" style=\"--smush-placeholder-width: 1024px; --smush-placeholder-aspect-ratio: 1024\/768;\" \/><\/figure>\n","protected":false},"excerpt":{"rendered":"<p>En la tarde del lunes el personal de la comisar\u00eda juntamente con el Grupo GAD, personal de la Comisaria&nbsp; de la Mujer y la Familia, llevaron a&nbsp; cabo con orden judicial la orden de allanamiento solicitada por la UFI N\u00ba 07.&nbsp; La diligencia se realiz\u00f3 en dos objetivos, con relaci\u00f3n hecho delictivo denunciado en comisar\u00eda [&hellip;]<\/p>\n","protected":false},"author":4,"featured_media":83744,"comment_status":"open","ping_status":"closed","sticky":false,"template":"","format":"standard","meta":{"om_disable_all_campaigns":false,"_jetpack_memberships_contains_paid_content":false,"footnotes":""},"categories":[50,2,103],"tags":[122,197,33,95,19],"class_list":["post-83743","post","type-post","status-publish","format-standard","has-post-thumbnail","hentry","category-destacadas","category-locales","category-policiales-locales","tag-allanamiento","tag-buenos-aires","tag-locales","tag-policiales","tag-san-pedro"],"aioseo_notices":[],"gutentor_comment":0,"jetpack_featured_media_url":"https:\/\/eldiariodesanpedro.com.ar\/sitio\/wp-content\/uploads\/2020\/11\/125295729_202579557945077_4072315930186765898_n.jpg","jetpack_shortlink":"https:\/\/wp.me\/p6RhLt-lMH","jetpack_sharing_enabled":true,"_links":{"self":[{"href":"https:\/\/eldiariodesanpedro.com.ar\/sitio\/wp-json\/wp\/v2\/posts\/83743","targetHints":{"allow":["GET"]}}],"collection":[{"href":"https:\/\/eldiariodesanpedro.com.ar\/sitio\/wp-json\/wp\/v2\/posts"}],"about":[{"href":"https:\/\/eldiariodesanpedro.com.ar\/sitio\/wp-json\/wp\/v2\/types\/post"}],"author":[{"embeddable":true,"href":"https:\/\/eldiariodesanpedro.com.ar\/sitio\/wp-json\/wp\/v2\/users\/4"}],"replies":[{"embeddable":true,"href":"https:\/\/eldiariodesanpedro.com.ar\/sitio\/wp-json\/wp\/v2\/comments?post=83743"}],"version-history":[{"count":1,"href":"https:\/\/eldiariodesanpedro.com.ar\/sitio\/wp-json\/wp\/v2\/posts\/83743\/revisions"}],"predecessor-version":[{"id":83747,"href":"https:\/\/eldiariodesanpedro.com.ar\/sitio\/wp-json\/wp\/v2\/posts\/83743\/revisions\/83747"}],"wp:featuredmedia":[{"embeddable":true,"href":"https:\/\/eldiariodesanpedro.com.ar\/sitio\/wp-json\/wp\/v2\/media\/83744"}],"wp:attachment":[{"href":"https:\/\/eldiariodesanpedro.com.ar\/sitio\/wp-json\/wp\/v2\/media?parent=83743"}],"wp:term":[{"taxonomy":"category","embeddable":true,"href":"https:\/\/eldiariodesanpedro.com.ar\/sitio\/wp-json\/wp\/v2\/categories?post=83743"},{"taxonomy":"post_tag","embeddable":true,"href":"https:\/\/eldiariodesanpedro.com.ar\/sitio\/wp-json\/wp\/v2\/tags?post=83743"}],"curies":[{"name":"wp","href":"https:\/\/api.w.org\/{rel}","templated":true}]}}