{"id":83739,"date":"2020-11-18T11:47:12","date_gmt":"2020-11-18T14:47:12","guid":{"rendered":"https:\/\/eldiariodesanpedro.com.ar\/sitio\/?p=83739"},"modified":"2020-11-18T11:47:17","modified_gmt":"2020-11-18T14:47:17","slug":"un-hombre-grave-por-accidente-de-transito-entre-dos-motos","status":"publish","type":"post","link":"https:\/\/eldiariodesanpedro.com.ar\/sitio\/un-hombre-grave-por-accidente-de-transito-entre-dos-motos\/","title":{"rendered":"Un hombre grave por accidente de transito entre dos motos"},"content":{"rendered":"<!-- VideographyWP Plugin Message: Automatic video embedding prevented by plugin options. -->\n\n<p>Ayer en horas de la ma\u00f1ana se iniciaron actuaciones por un accidente de tr\u00e1nsito ocurrido en la noche del lunes sin intervenci\u00f3n policial, el accidente ocurri\u00f3 el 11 de Septiembre y Sinomino, protagonizado por dos motocicletas, una de ellas guiada por masculino de 67 a\u00f1os, circulando en motocicleta 150 cc color rojo<strong>,<\/strong> por causas tratan de establecer colisiona con motocicleta marca 110 cc, guiada por masculino de 30 a\u00f1os.\u00a0<\/p>\n\n\n\n<p>Se inician actuaciones, procede secuestro rodados, el hombre de 67 a\u00f1os sufri\u00f3 politraumatismos graves a predominio de cabeza, estando su pron\u00f3stico de salud grave reservado, el otro restante lesiones leves.<\/p>\n","protected":false},"excerpt":{"rendered":"<p>Ayer en horas de la ma\u00f1ana se iniciaron actuaciones por un accidente de tr\u00e1nsito ocurrido en la noche del lunes sin intervenci\u00f3n policial, el accidente ocurri\u00f3 el 11 de Septiembre y Sinomino, protagonizado por dos motocicletas, una de ellas guiada por masculino de 67 a\u00f1os, circulando en motocicleta 150 cc color rojo, por causas tratan [&hellip;]<\/p>\n","protected":false},"author":4,"featured_media":83704,"comment_status":"open","ping_status":"closed","sticky":false,"template":"","format":"standard","meta":{"om_disable_all_campaigns":false,"_jetpack_memberships_contains_paid_content":false,"footnotes":""},"categories":[2,103],"tags":[197,33,95,19],"class_list":["post-83739","post","type-post","status-publish","format-standard","has-post-thumbnail","hentry","category-locales","category-policiales-locales","tag-buenos-aires","tag-locales","tag-policiales","tag-san-pedro"],"aioseo_notices":[],"gutentor_comment":0,"jetpack_featured_media_url":"https:\/\/eldiariodesanpedro.com.ar\/sitio\/wp-content\/uploads\/2020\/11\/DSC_0062-scaled-e1605710803557.jpg","jetpack_shortlink":"https:\/\/wp.me\/p6RhLt-lMD","jetpack_sharing_enabled":true,"_links":{"self":[{"href":"https:\/\/eldiariodesanpedro.com.ar\/sitio\/wp-json\/wp\/v2\/posts\/83739","targetHints":{"allow":["GET"]}}],"collection":[{"href":"https:\/\/eldiariodesanpedro.com.ar\/sitio\/wp-json\/wp\/v2\/posts"}],"about":[{"href":"https:\/\/eldiariodesanpedro.com.ar\/sitio\/wp-json\/wp\/v2\/types\/post"}],"author":[{"embeddable":true,"href":"https:\/\/eldiariodesanpedro.com.ar\/sitio\/wp-json\/wp\/v2\/users\/4"}],"replies":[{"embeddable":true,"href":"https:\/\/eldiariodesanpedro.com.ar\/sitio\/wp-json\/wp\/v2\/comments?post=83739"}],"version-history":[{"count":1,"href":"https:\/\/eldiariodesanpedro.com.ar\/sitio\/wp-json\/wp\/v2\/posts\/83739\/revisions"}],"predecessor-version":[{"id":83740,"href":"https:\/\/eldiariodesanpedro.com.ar\/sitio\/wp-json\/wp\/v2\/posts\/83739\/revisions\/83740"}],"wp:featuredmedia":[{"embeddable":true,"href":"https:\/\/eldiariodesanpedro.com.ar\/sitio\/wp-json\/wp\/v2\/media\/83704"}],"wp:attachment":[{"href":"https:\/\/eldiariodesanpedro.com.ar\/sitio\/wp-json\/wp\/v2\/media?parent=83739"}],"wp:term":[{"taxonomy":"category","embeddable":true,"href":"https:\/\/eldiariodesanpedro.com.ar\/sitio\/wp-json\/wp\/v2\/categories?post=83739"},{"taxonomy":"post_tag","embeddable":true,"href":"https:\/\/eldiariodesanpedro.com.ar\/sitio\/wp-json\/wp\/v2\/tags?post=83739"}],"curies":[{"name":"wp","href":"https:\/\/api.w.org\/{rel}","templated":true}]}}