{"id":83679,"date":"2020-11-13T14:24:00","date_gmt":"2020-11-13T17:24:00","guid":{"rendered":"https:\/\/eldiariodesanpedro.com.ar\/sitio\/?p=83679"},"modified":"2020-11-17T14:27:10","modified_gmt":"2020-11-17T17:27:10","slug":"solicitud-de-carta-de-ciudadania-ricardo-david-orta-manzo-2","status":"publish","type":"post","link":"https:\/\/eldiariodesanpedro.com.ar\/sitio\/solicitud-de-carta-de-ciudadania-ricardo-david-orta-manzo-2\/","title":{"rendered":"Solicitud de Carta de Ciudadan\u00eda Ricardo David Orta Manzo"},"content":{"rendered":"<!-- VideographyWP Plugin Message: Automatic video embedding prevented by plugin options. -->\n\n<p>21474\/2020 ORTA MANZO, RICARDO DAVID s\/SOLICITUD CARTA DE CIUDADAN\u00cdA<\/p>\n\n\n\n<p>E D I C T O<br>El Juzgado Federal N\u00ba 1 de San Nicol\u00e1s, Prov. de Bs. As., a cargo del Dr. Carlos Alberto Vera Barros, Juez Subrogante, emplaza por 15 d\u00edas a fin de hacer saber que cualquier persona queda facultada, a trav\u00e9s del Ministerio P\u00fablico Fiscal, para hacer llegar las consideraciones que estimare pudiesen obstar la concesi\u00f3n de ciudadan\u00eda argentina solicitada por el Sr. Ricardo David ORTA MANZO, nacido el 6 de mayo de 1991 en Cagua, Venezuela, en uni\u00f3n convivencial, empleado, DNI: 95.698.699, domiciliado en calle Litoral N\u00ba 1553, ciudad de San Pedro . Expediente N\u00ba FRO 21474\/2020. Secretar\u00eda N\u00ba 2.-<br>San Nicol\u00e1s (B), 12 de Noviembre de 2020.-<\/p>\n","protected":false},"excerpt":{"rendered":"<p>21474\/2020 ORTA MANZO, RICARDO DAVID s\/SOLICITUD CARTA DE CIUDADAN\u00cdA E D I C T OEl Juzgado Federal N\u00ba 1 de San Nicol\u00e1s, Prov. de Bs. As., a cargo del Dr. Carlos Alberto Vera Barros, Juez Subrogante, emplaza por 15 d\u00edas a fin de hacer saber que cualquier persona queda facultada, a trav\u00e9s del Ministerio P\u00fablico [&hellip;]<\/p>\n","protected":false},"author":4,"featured_media":81115,"comment_status":"open","ping_status":"closed","sticky":false,"template":"","format":"standard","meta":{"om_disable_all_campaigns":false,"_jetpack_memberships_contains_paid_content":false,"footnotes":""},"categories":[676,1124],"tags":[1356,1121],"class_list":["post-83679","post","type-post","status-publish","format-standard","has-post-thumbnail","hentry","category-edictos","category-edictos-especiales","tag-carta-de-ciudadania","tag-edicto"],"aioseo_notices":[],"gutentor_comment":0,"jetpack_featured_media_url":"https:\/\/eldiariodesanpedro.com.ar\/sitio\/wp-content\/uploads\/2020\/09\/Poder-Judicial.jpg","jetpack_shortlink":"https:\/\/wp.me\/p6RhLt-lLF","jetpack_sharing_enabled":true,"_links":{"self":[{"href":"https:\/\/eldiariodesanpedro.com.ar\/sitio\/wp-json\/wp\/v2\/posts\/83679","targetHints":{"allow":["GET"]}}],"collection":[{"href":"https:\/\/eldiariodesanpedro.com.ar\/sitio\/wp-json\/wp\/v2\/posts"}],"about":[{"href":"https:\/\/eldiariodesanpedro.com.ar\/sitio\/wp-json\/wp\/v2\/types\/post"}],"author":[{"embeddable":true,"href":"https:\/\/eldiariodesanpedro.com.ar\/sitio\/wp-json\/wp\/v2\/users\/4"}],"replies":[{"embeddable":true,"href":"https:\/\/eldiariodesanpedro.com.ar\/sitio\/wp-json\/wp\/v2\/comments?post=83679"}],"version-history":[{"count":1,"href":"https:\/\/eldiariodesanpedro.com.ar\/sitio\/wp-json\/wp\/v2\/posts\/83679\/revisions"}],"predecessor-version":[{"id":83680,"href":"https:\/\/eldiariodesanpedro.com.ar\/sitio\/wp-json\/wp\/v2\/posts\/83679\/revisions\/83680"}],"wp:featuredmedia":[{"embeddable":true,"href":"https:\/\/eldiariodesanpedro.com.ar\/sitio\/wp-json\/wp\/v2\/media\/81115"}],"wp:attachment":[{"href":"https:\/\/eldiariodesanpedro.com.ar\/sitio\/wp-json\/wp\/v2\/media?parent=83679"}],"wp:term":[{"taxonomy":"category","embeddable":true,"href":"https:\/\/eldiariodesanpedro.com.ar\/sitio\/wp-json\/wp\/v2\/categories?post=83679"},{"taxonomy":"post_tag","embeddable":true,"href":"https:\/\/eldiariodesanpedro.com.ar\/sitio\/wp-json\/wp\/v2\/tags?post=83679"}],"curies":[{"name":"wp","href":"https:\/\/api.w.org\/{rel}","templated":true}]}}