{"id":83675,"date":"2020-11-17T12:22:45","date_gmt":"2020-11-17T15:22:45","guid":{"rendered":"https:\/\/eldiariodesanpedro.com.ar\/sitio\/?p=83675"},"modified":"2020-11-17T12:22:49","modified_gmt":"2020-11-17T15:22:49","slug":"edicto-de-sucesion-de-ramon-deonides-lugo-y-dona-beatriz-lujan-ferreyra","status":"publish","type":"post","link":"https:\/\/eldiariodesanpedro.com.ar\/sitio\/edicto-de-sucesion-de-ramon-deonides-lugo-y-dona-beatriz-lujan-ferreyra\/","title":{"rendered":"Edicto de Sucesi\u00f3n de Ram\u00f3n Deonides Lugo y do\u00f1a Beatriz Lujan Ferreyra"},"content":{"rendered":"<!-- VideographyWP Plugin Message: Automatic video embedding prevented by plugin options. -->\n\n<p>El Juzgado de Primera Instancia N.\u00ba 2 en lo Civil y Comercial del Departamento Judicial de San Nicol\u00e1s, cita y emplaza por el termino de treinta d\u00edas a herederos y acreedores de don <strong>Ram\u00f3n Deonides Lugo y do\u00f1a Beatriz Lujan Ferreyra<\/strong>.-\u00a0<\/p>\n\n\n\n<p>San Nicol\u00e1s, 29 de Octubre de 2020.-<\/p>\n\n\n\n<p>COLOMBO MARCELO<br>AUXILIAR LETRADO<\/p>\n","protected":false},"excerpt":{"rendered":"<p>El Juzgado de Primera Instancia N.\u00ba 2 en lo Civil y Comercial del Departamento Judicial de San Nicol\u00e1s, cita y emplaza por el termino de treinta d\u00edas a herederos y acreedores de don Ram\u00f3n Deonides Lugo y do\u00f1a Beatriz Lujan Ferreyra.-\u00a0 San Nicol\u00e1s, 29 de Octubre de 2020.- COLOMBO MARCELOAUXILIAR LETRADO<\/p>\n","protected":false},"author":4,"featured_media":81115,"comment_status":"open","ping_status":"closed","sticky":false,"template":"","format":"standard","meta":{"om_disable_all_campaigns":false,"_jetpack_memberships_contains_paid_content":false,"footnotes":""},"categories":[676,677],"tags":[1121,1355,1761],"class_list":["post-83675","post","type-post","status-publish","format-standard","has-post-thumbnail","hentry","category-edictos","category-edictos-sucesorios","tag-edicto","tag-judiciales","tag-sucesion-2"],"aioseo_notices":[],"gutentor_comment":0,"jetpack_featured_media_url":"https:\/\/eldiariodesanpedro.com.ar\/sitio\/wp-content\/uploads\/2020\/09\/Poder-Judicial.jpg","jetpack_shortlink":"https:\/\/wp.me\/p6RhLt-lLB","jetpack_sharing_enabled":true,"_links":{"self":[{"href":"https:\/\/eldiariodesanpedro.com.ar\/sitio\/wp-json\/wp\/v2\/posts\/83675","targetHints":{"allow":["GET"]}}],"collection":[{"href":"https:\/\/eldiariodesanpedro.com.ar\/sitio\/wp-json\/wp\/v2\/posts"}],"about":[{"href":"https:\/\/eldiariodesanpedro.com.ar\/sitio\/wp-json\/wp\/v2\/types\/post"}],"author":[{"embeddable":true,"href":"https:\/\/eldiariodesanpedro.com.ar\/sitio\/wp-json\/wp\/v2\/users\/4"}],"replies":[{"embeddable":true,"href":"https:\/\/eldiariodesanpedro.com.ar\/sitio\/wp-json\/wp\/v2\/comments?post=83675"}],"version-history":[{"count":1,"href":"https:\/\/eldiariodesanpedro.com.ar\/sitio\/wp-json\/wp\/v2\/posts\/83675\/revisions"}],"predecessor-version":[{"id":83676,"href":"https:\/\/eldiariodesanpedro.com.ar\/sitio\/wp-json\/wp\/v2\/posts\/83675\/revisions\/83676"}],"wp:featuredmedia":[{"embeddable":true,"href":"https:\/\/eldiariodesanpedro.com.ar\/sitio\/wp-json\/wp\/v2\/media\/81115"}],"wp:attachment":[{"href":"https:\/\/eldiariodesanpedro.com.ar\/sitio\/wp-json\/wp\/v2\/media?parent=83675"}],"wp:term":[{"taxonomy":"category","embeddable":true,"href":"https:\/\/eldiariodesanpedro.com.ar\/sitio\/wp-json\/wp\/v2\/categories?post=83675"},{"taxonomy":"post_tag","embeddable":true,"href":"https:\/\/eldiariodesanpedro.com.ar\/sitio\/wp-json\/wp\/v2\/tags?post=83675"}],"curies":[{"name":"wp","href":"https:\/\/api.w.org\/{rel}","templated":true}]}}