{"id":83672,"date":"2020-11-17T11:51:18","date_gmt":"2020-11-17T14:51:18","guid":{"rendered":"https:\/\/eldiariodesanpedro.com.ar\/sitio\/?p=83672"},"modified":"2020-11-17T11:51:21","modified_gmt":"2020-11-17T14:51:21","slug":"anses-destinara-un-plus-de-22-mil-millones-de-pesos-para-la-asignacion-universal","status":"publish","type":"post","link":"https:\/\/eldiariodesanpedro.com.ar\/sitio\/anses-destinara-un-plus-de-22-mil-millones-de-pesos-para-la-asignacion-universal\/","title":{"rendered":"ANSeS destinar\u00e1 un plus de 22 mil millones de pesos para la Asignaci\u00f3n Universal"},"content":{"rendered":"<!-- VideographyWP Plugin Message: Automatic video embedding prevented by plugin options. -->\n\n<p>Esta medida beneficiar\u00e1 a cerca de 3.300.000 ni\u00f1os, ni\u00f1as y adolescentes y a 2.300.000 familias. La AUH es un derecho que alcanza a chicas y chicos de hasta 18 a\u00f1os de edad, cuya madre o padre son desocupados, trabajadores no registrados, del servicio dom\u00e9stico o monotributistas sociales.<\/p>\n\n\n\n<p>La ANSeS (Administraci\u00f3n Nacional de la Seguridad Social) pagar\u00e1 en diciembre un plus de 22 mil millones de pesos, en concepto del 20 por ciento acumulado de la Asignaci\u00f3n Universal por Hijo (AUH). Esta medida beneficiar\u00e1 a cerca de 3.300.000 ni\u00f1os, ni\u00f1as y adolescentes y a 2.300.000 familias. Por lo tanto, un grupo familiar que, en promedio, tiene 1,9 hijos recibir\u00e1 el mes pr\u00f3ximo alrededor de 12.000 pesos.<\/p>\n\n\n\n<p>La AUH es un derecho que alcanza a chicas y chicos de hasta 18 a\u00f1os de edad, cuya madre o padre son desocupados, trabajadores no registrados, del servicio dom\u00e9stico o monotributistas sociales.<\/p>\n\n\n\n<p>Frente a la emergencia sanitaria por el COVID-19, el Presidente Alberto Fern\u00e1ndez firm\u00f3 el Decreto 840\/2020 que cumple autom\u00e1ticamente los controles sanitarios y escolares para, as\u00ed, garantizar la permanencia en la asignaci\u00f3n.<\/p>\n\n\n\n<p>Asimismo, la Directora Ejecutiva de la ANSeS, Fernanda Raverta, entre otras medidas, dispuso en articulaci\u00f3n con los Ministerios de Salud y Educaci\u00f3n, el cruce de informaci\u00f3n para generar un sistema inteligente que permita hacer simple la acreditaci\u00f3n de las prestaciones.<\/p>\n\n\n\n<p>El 29 de octubre, d\u00eda del anuncio de la ampliaci\u00f3n de la AUH, el Jefe de Estado sostuvo: \u201cNuestra preocupaci\u00f3n es entender la situaci\u00f3n de esas familias, de esos nenes y nenas, y ver de qu\u00e9 modo podemos seguir extendi\u00e9ndoles la mano que el Estado debe tenderles\u201d.<\/p>\n\n\n\n<p>En tanto, Raverta afirm\u00f3 que \u201cdesde el Gobierno creemos que el Estado debe garantizar los derechos, no esperar que los ciudadanos y ciudadanas vengan a buscarlos, sino el Estado ir, resolver y garantizar esos derechos\u201d.<\/p>\n","protected":false},"excerpt":{"rendered":"<p>Esta medida beneficiar\u00e1 a cerca de 3.300.000 ni\u00f1os, ni\u00f1as y adolescentes y a 2.300.000 familias. La AUH es un derecho que alcanza a chicas y chicos de hasta 18 a\u00f1os de edad, cuya madre o padre son desocupados, trabajadores no registrados, del servicio dom\u00e9stico o monotributistas sociales. La ANSeS (Administraci\u00f3n Nacional de la Seguridad Social) [&hellip;]<\/p>\n","protected":false},"author":4,"featured_media":83673,"comment_status":"open","ping_status":"closed","sticky":false,"template":"","format":"standard","meta":{"om_disable_all_campaigns":false,"_jetpack_memberships_contains_paid_content":false,"footnotes":""},"categories":[101,2],"tags":[602,197,696,33],"class_list":["post-83672","post","type-post","status-publish","format-standard","has-post-thumbnail","hentry","category-interes-general-locales","category-locales","tag-anses","tag-buenos-aires","tag-interes-general","tag-locales"],"aioseo_notices":[],"gutentor_comment":0,"jetpack_featured_media_url":"https:\/\/eldiariodesanpedro.com.ar\/sitio\/wp-content\/uploads\/2020\/11\/20201116030847.jpg","jetpack_shortlink":"https:\/\/wp.me\/p6RhLt-lLy","jetpack_sharing_enabled":true,"_links":{"self":[{"href":"https:\/\/eldiariodesanpedro.com.ar\/sitio\/wp-json\/wp\/v2\/posts\/83672","targetHints":{"allow":["GET"]}}],"collection":[{"href":"https:\/\/eldiariodesanpedro.com.ar\/sitio\/wp-json\/wp\/v2\/posts"}],"about":[{"href":"https:\/\/eldiariodesanpedro.com.ar\/sitio\/wp-json\/wp\/v2\/types\/post"}],"author":[{"embeddable":true,"href":"https:\/\/eldiariodesanpedro.com.ar\/sitio\/wp-json\/wp\/v2\/users\/4"}],"replies":[{"embeddable":true,"href":"https:\/\/eldiariodesanpedro.com.ar\/sitio\/wp-json\/wp\/v2\/comments?post=83672"}],"version-history":[{"count":1,"href":"https:\/\/eldiariodesanpedro.com.ar\/sitio\/wp-json\/wp\/v2\/posts\/83672\/revisions"}],"predecessor-version":[{"id":83674,"href":"https:\/\/eldiariodesanpedro.com.ar\/sitio\/wp-json\/wp\/v2\/posts\/83672\/revisions\/83674"}],"wp:featuredmedia":[{"embeddable":true,"href":"https:\/\/eldiariodesanpedro.com.ar\/sitio\/wp-json\/wp\/v2\/media\/83673"}],"wp:attachment":[{"href":"https:\/\/eldiariodesanpedro.com.ar\/sitio\/wp-json\/wp\/v2\/media?parent=83672"}],"wp:term":[{"taxonomy":"category","embeddable":true,"href":"https:\/\/eldiariodesanpedro.com.ar\/sitio\/wp-json\/wp\/v2\/categories?post=83672"},{"taxonomy":"post_tag","embeddable":true,"href":"https:\/\/eldiariodesanpedro.com.ar\/sitio\/wp-json\/wp\/v2\/tags?post=83672"}],"curies":[{"name":"wp","href":"https:\/\/api.w.org\/{rel}","templated":true}]}}