{"id":83613,"date":"2020-11-16T17:38:36","date_gmt":"2020-11-16T20:38:36","guid":{"rendered":"https:\/\/eldiariodesanpedro.com.ar\/sitio\/?p=83613"},"modified":"2020-11-16T17:38:41","modified_gmt":"2020-11-16T20:38:41","slug":"la-diputada-sanchez-jauregui-entrego-un-subsidio-para-el-hospital-y-recorrio-establecimientos-fruticolas","status":"publish","type":"post","link":"https:\/\/eldiariodesanpedro.com.ar\/sitio\/la-diputada-sanchez-jauregui-entrego-un-subsidio-para-el-hospital-y-recorrio-establecimientos-fruticolas\/","title":{"rendered":"La Diputada S\u00e1nchez J\u00e1uregui entreg\u00f3 un subsidio para el Hospital y recorri\u00f3 establecimientos frut\u00edcolas"},"content":{"rendered":"<!-- VideographyWP Plugin Message: Automatic video embedding prevented by plugin options. -->\n\n<p>La diputada bonaerense Natalia S\u00e1nchez J\u00e1uregui, del Bloque Fe, visit\u00f3 San Pedro esta ma\u00f1ana y mantuvo una reuni\u00f3n con el Intendente Cecilio Salazar con el prop\u00f3sito de compartir los detalles del proyecto de ley que ya obtuvo media sanci\u00f3n y que, de aprobarse, crear\u00e1 un sistema de identificaci\u00f3n de tranqueras.<\/p>\n\n\n\n<p>La iniciativa es sumamente importante para normalizar en toda la provincia un sistema a trav\u00e9s del cual los titulares de establecimientos rurales puedan contar con una chapa identificatoria con georeferencia y datos que adem\u00e1s de generar un mapa interactivo, otorgar\u00e1 m\u00faltiples herramientas de seguridad, comunicaci\u00f3n y tr\u00e1mites para todo tipo de prop\u00f3sitos.<\/p>\n\n\n\n<p>Por el estrecho v\u00ednculo que la legisladora tiene con la zona y las caracter\u00edsticas que presenta nuestro Partido, la puesta en marcha de este plan ha tomado como referencia varias caracter\u00edsticas de San Pedro y se aguarda que se complete el tratamiento para convertirlo en ley.<\/p>\n\n\n\n<p>La visita sirvi\u00f3 adem\u00e1s para recibir un subsidio de $ 80.000 gestionado por la Diputada que fue entregado a la Municipalidad con la finalidad exclusiva de ser destinado al Hospital Emilio Ruffa, como un aporte especial ante la gran demanda que ha generado sobre el sistema p\u00fablico de salud, la Pandemia de Covid-19.<\/p>\n\n\n\n<p>Acompa\u00f1ada por el Intendente y colaboradores visit\u00f3 algunos establecimientos frut\u00edcolas, entre ellos el de la empresa Gomila y ante el contexto que hoy ofrece la producci\u00f3n zonal con excelentes expectativas para consolidar la reactivaci\u00f3n de fruticultura, se comenz\u00f3 a plantear la reactivaci\u00f3n de un proyecto que hab\u00eda presentado la actual concejal Patricia Roca junto al actual Intendente de Chivilcoy y por entonces tambi\u00e9n legislador Guillermo Britos, en su paso por la C\u00e1mara de Diputados de la Provincia.<\/p>\n\n\n\n<p><em>El objetivo es adaptar a los tiempos actuales y volver a presentar en la Legislatura Provincial la solicitud para darle un marco regulatorio m\u00e1s completo a la actividad, contemplando las diferentes variables que involucran a los productores, relacionadas con cr\u00e9ditos, refinanciaciones y fondos de asistencia para el sector que debe ser protegido y respaldado por su efecto directo en la generaci\u00f3n de empleo y el desarrollo econ\u00f3mico de una regi\u00f3n como la nuestra.<\/em><\/p>\n\n\n\n<figure class=\"wp-block-image size-large\"><img decoding=\"async\" width=\"960\" height=\"640\" data-attachment-id=\"83617\" data-permalink=\"https:\/\/eldiariodesanpedro.com.ar\/sitio\/la-diputada-sanchez-jauregui-entrego-un-subsidio-para-el-hospital-y-recorrio-establecimientos-fruticolas\/125473492_384335039542421_5893528356428659350_n\/\" data-orig-file=\"https:\/\/eldiariodesanpedro.com.ar\/sitio\/wp-content\/uploads\/2020\/11\/125473492_384335039542421_5893528356428659350_n.jpg\" data-orig-size=\"960,640\" data-comments-opened=\"1\" data-image-meta=\"{&quot;aperture&quot;:&quot;0&quot;,&quot;credit&quot;:&quot;&quot;,&quot;camera&quot;:&quot;&quot;,&quot;caption&quot;:&quot;&quot;,&quot;created_timestamp&quot;:&quot;0&quot;,&quot;copyright&quot;:&quot;&quot;,&quot;focal_length&quot;:&quot;0&quot;,&quot;iso&quot;:&quot;0&quot;,&quot;shutter_speed&quot;:&quot;0&quot;,&quot;title&quot;:&quot;&quot;,&quot;orientation&quot;:&quot;0&quot;}\" data-image-title=\"125473492_384335039542421_5893528356428659350_n\" data-image-description=\"\" data-image-caption=\"\" data-large-file=\"https:\/\/eldiariodesanpedro.com.ar\/sitio\/wp-content\/uploads\/2020\/11\/125473492_384335039542421_5893528356428659350_n.jpg\" data-src=\"https:\/\/eldiariodesanpedro.com.ar\/sitio\/wp-content\/uploads\/2020\/11\/125473492_384335039542421_5893528356428659350_n.jpg\" alt=\"\" class=\"wp-image-83617 lazyload\" data-srcset=\"https:\/\/eldiariodesanpedro.com.ar\/sitio\/wp-content\/uploads\/2020\/11\/125473492_384335039542421_5893528356428659350_n.jpg 960w, https:\/\/eldiariodesanpedro.com.ar\/sitio\/wp-content\/uploads\/2020\/11\/125473492_384335039542421_5893528356428659350_n-300x200.jpg 300w, https:\/\/eldiariodesanpedro.com.ar\/sitio\/wp-content\/uploads\/2020\/11\/125473492_384335039542421_5893528356428659350_n-768x512.jpg 768w\" data-sizes=\"(max-width: 960px) 100vw, 960px\" src=\"data:image\/svg+xml;base64,PHN2ZyB3aWR0aD0iMSIgaGVpZ2h0PSIxIiB4bWxucz0iaHR0cDovL3d3dy53My5vcmcvMjAwMC9zdmciPjwvc3ZnPg==\" style=\"--smush-placeholder-width: 960px; --smush-placeholder-aspect-ratio: 960\/640;\" \/><\/figure>\n\n\n\n<figure class=\"wp-block-image size-large\"><img decoding=\"async\" width=\"960\" height=\"640\" data-attachment-id=\"83614\" data-permalink=\"https:\/\/eldiariodesanpedro.com.ar\/sitio\/la-diputada-sanchez-jauregui-entrego-un-subsidio-para-el-hospital-y-recorrio-establecimientos-fruticolas\/125190785_651477038850124_3924219169265580487_n\/\" data-orig-file=\"https:\/\/eldiariodesanpedro.com.ar\/sitio\/wp-content\/uploads\/2020\/11\/125190785_651477038850124_3924219169265580487_n.jpg\" data-orig-size=\"960,640\" data-comments-opened=\"1\" data-image-meta=\"{&quot;aperture&quot;:&quot;0&quot;,&quot;credit&quot;:&quot;&quot;,&quot;camera&quot;:&quot;&quot;,&quot;caption&quot;:&quot;&quot;,&quot;created_timestamp&quot;:&quot;0&quot;,&quot;copyright&quot;:&quot;&quot;,&quot;focal_length&quot;:&quot;0&quot;,&quot;iso&quot;:&quot;0&quot;,&quot;shutter_speed&quot;:&quot;0&quot;,&quot;title&quot;:&quot;&quot;,&quot;orientation&quot;:&quot;0&quot;}\" data-image-title=\"125190785_651477038850124_3924219169265580487_n\" data-image-description=\"\" data-image-caption=\"\" data-large-file=\"https:\/\/eldiariodesanpedro.com.ar\/sitio\/wp-content\/uploads\/2020\/11\/125190785_651477038850124_3924219169265580487_n.jpg\" data-src=\"https:\/\/eldiariodesanpedro.com.ar\/sitio\/wp-content\/uploads\/2020\/11\/125190785_651477038850124_3924219169265580487_n.jpg\" alt=\"\" class=\"wp-image-83614 lazyload\" data-srcset=\"https:\/\/eldiariodesanpedro.com.ar\/sitio\/wp-content\/uploads\/2020\/11\/125190785_651477038850124_3924219169265580487_n.jpg 960w, https:\/\/eldiariodesanpedro.com.ar\/sitio\/wp-content\/uploads\/2020\/11\/125190785_651477038850124_3924219169265580487_n-300x200.jpg 300w, https:\/\/eldiariodesanpedro.com.ar\/sitio\/wp-content\/uploads\/2020\/11\/125190785_651477038850124_3924219169265580487_n-768x512.jpg 768w\" data-sizes=\"(max-width: 960px) 100vw, 960px\" src=\"data:image\/svg+xml;base64,PHN2ZyB3aWR0aD0iMSIgaGVpZ2h0PSIxIiB4bWxucz0iaHR0cDovL3d3dy53My5vcmcvMjAwMC9zdmciPjwvc3ZnPg==\" style=\"--smush-placeholder-width: 960px; --smush-placeholder-aspect-ratio: 960\/640;\" \/><\/figure>\n\n\n\n<figure class=\"wp-block-image size-large\"><img decoding=\"async\" width=\"960\" height=\"681\" data-attachment-id=\"83615\" data-permalink=\"https:\/\/eldiariodesanpedro.com.ar\/sitio\/la-diputada-sanchez-jauregui-entrego-un-subsidio-para-el-hospital-y-recorrio-establecimientos-fruticolas\/125212371_382321029491958_4501272982058778187_n\/\" data-orig-file=\"https:\/\/eldiariodesanpedro.com.ar\/sitio\/wp-content\/uploads\/2020\/11\/125212371_382321029491958_4501272982058778187_n.jpg\" data-orig-size=\"960,681\" data-comments-opened=\"1\" data-image-meta=\"{&quot;aperture&quot;:&quot;0&quot;,&quot;credit&quot;:&quot;&quot;,&quot;camera&quot;:&quot;&quot;,&quot;caption&quot;:&quot;&quot;,&quot;created_timestamp&quot;:&quot;0&quot;,&quot;copyright&quot;:&quot;&quot;,&quot;focal_length&quot;:&quot;0&quot;,&quot;iso&quot;:&quot;0&quot;,&quot;shutter_speed&quot;:&quot;0&quot;,&quot;title&quot;:&quot;&quot;,&quot;orientation&quot;:&quot;0&quot;}\" data-image-title=\"125212371_382321029491958_4501272982058778187_n\" data-image-description=\"\" data-image-caption=\"\" data-large-file=\"https:\/\/eldiariodesanpedro.com.ar\/sitio\/wp-content\/uploads\/2020\/11\/125212371_382321029491958_4501272982058778187_n.jpg\" data-src=\"https:\/\/eldiariodesanpedro.com.ar\/sitio\/wp-content\/uploads\/2020\/11\/125212371_382321029491958_4501272982058778187_n.jpg\" alt=\"\" class=\"wp-image-83615 lazyload\" data-srcset=\"https:\/\/eldiariodesanpedro.com.ar\/sitio\/wp-content\/uploads\/2020\/11\/125212371_382321029491958_4501272982058778187_n.jpg 960w, https:\/\/eldiariodesanpedro.com.ar\/sitio\/wp-content\/uploads\/2020\/11\/125212371_382321029491958_4501272982058778187_n-300x213.jpg 300w, https:\/\/eldiariodesanpedro.com.ar\/sitio\/wp-content\/uploads\/2020\/11\/125212371_382321029491958_4501272982058778187_n-768x545.jpg 768w\" data-sizes=\"(max-width: 960px) 100vw, 960px\" src=\"data:image\/svg+xml;base64,PHN2ZyB3aWR0aD0iMSIgaGVpZ2h0PSIxIiB4bWxucz0iaHR0cDovL3d3dy53My5vcmcvMjAwMC9zdmciPjwvc3ZnPg==\" style=\"--smush-placeholder-width: 960px; --smush-placeholder-aspect-ratio: 960\/681;\" \/><\/figure>\n","protected":false},"excerpt":{"rendered":"<p>La diputada bonaerense Natalia S\u00e1nchez J\u00e1uregui, del Bloque Fe, visit\u00f3 San Pedro esta ma\u00f1ana y mantuvo una reuni\u00f3n con el Intendente Cecilio Salazar con el prop\u00f3sito de compartir los detalles del proyecto de ley que ya obtuvo media sanci\u00f3n y que, de aprobarse, crear\u00e1 un sistema de identificaci\u00f3n de tranqueras. La iniciativa es sumamente importante [&hellip;]<\/p>\n","protected":false},"author":4,"featured_media":83618,"comment_status":"open","ping_status":"closed","sticky":false,"template":"","format":"standard","meta":{"om_disable_all_campaigns":false,"_jetpack_memberships_contains_paid_content":false,"footnotes":""},"categories":[50,101,2],"tags":[197,1903,33,19],"class_list":["post-83613","post","type-post","status-publish","format-standard","has-post-thumbnail","hentry","category-destacadas","category-interes-general-locales","category-locales","tag-buenos-aires","tag-diputada-sanchez-jauregui","tag-locales","tag-san-pedro"],"aioseo_notices":[],"gutentor_comment":0,"jetpack_featured_media_url":"https:\/\/eldiariodesanpedro.com.ar\/sitio\/wp-content\/uploads\/2020\/11\/125215795_374243653658801_2870990494256911247_n.jpg","jetpack_shortlink":"https:\/\/wp.me\/p6RhLt-lKB","jetpack_sharing_enabled":true,"_links":{"self":[{"href":"https:\/\/eldiariodesanpedro.com.ar\/sitio\/wp-json\/wp\/v2\/posts\/83613","targetHints":{"allow":["GET"]}}],"collection":[{"href":"https:\/\/eldiariodesanpedro.com.ar\/sitio\/wp-json\/wp\/v2\/posts"}],"about":[{"href":"https:\/\/eldiariodesanpedro.com.ar\/sitio\/wp-json\/wp\/v2\/types\/post"}],"author":[{"embeddable":true,"href":"https:\/\/eldiariodesanpedro.com.ar\/sitio\/wp-json\/wp\/v2\/users\/4"}],"replies":[{"embeddable":true,"href":"https:\/\/eldiariodesanpedro.com.ar\/sitio\/wp-json\/wp\/v2\/comments?post=83613"}],"version-history":[{"count":1,"href":"https:\/\/eldiariodesanpedro.com.ar\/sitio\/wp-json\/wp\/v2\/posts\/83613\/revisions"}],"predecessor-version":[{"id":83621,"href":"https:\/\/eldiariodesanpedro.com.ar\/sitio\/wp-json\/wp\/v2\/posts\/83613\/revisions\/83621"}],"wp:featuredmedia":[{"embeddable":true,"href":"https:\/\/eldiariodesanpedro.com.ar\/sitio\/wp-json\/wp\/v2\/media\/83618"}],"wp:attachment":[{"href":"https:\/\/eldiariodesanpedro.com.ar\/sitio\/wp-json\/wp\/v2\/media?parent=83613"}],"wp:term":[{"taxonomy":"category","embeddable":true,"href":"https:\/\/eldiariodesanpedro.com.ar\/sitio\/wp-json\/wp\/v2\/categories?post=83613"},{"taxonomy":"post_tag","embeddable":true,"href":"https:\/\/eldiariodesanpedro.com.ar\/sitio\/wp-json\/wp\/v2\/tags?post=83613"}],"curies":[{"name":"wp","href":"https:\/\/api.w.org\/{rel}","templated":true}]}}