{"id":83592,"date":"2020-11-16T12:00:25","date_gmt":"2020-11-16T15:00:25","guid":{"rendered":"https:\/\/eldiariodesanpedro.com.ar\/sitio\/?p=83592"},"modified":"2020-11-16T12:02:13","modified_gmt":"2020-11-16T15:02:13","slug":"pesar-por-el-fallecimiento-de-pinocho-velo","status":"publish","type":"post","link":"https:\/\/eldiariodesanpedro.com.ar\/sitio\/pesar-por-el-fallecimiento-de-pinocho-velo\/","title":{"rendered":"Pesar por el fallecimiento de \u00abPinocho\u00bb Velo"},"content":{"rendered":"<!-- VideographyWP Plugin Message: Automatic video embedding prevented by plugin options. -->\n\n<p>La liga infantil de futbol sampedrino realizo una publicaci\u00f3n en su cuenta de Facebook como homenaje al querido \u00abpinocho\u00bb Velo, entrenador y formador de jugadores.<\/p>\n\n\n\n<p>Este domingo nos dej\u00f3 el querido y respetado Horacio \u201cPinocho\u201d Velo. Ten\u00eda 79 a\u00f1os y fue un verdadero formador de futbolistas que con el correr de los a\u00f1os llegaron a integrar los principales equipos del f\u00fatbol regional. Tuvo una dilatada trayectoria en el f\u00fatbol infantil de la ciudad inici\u00e1ndose a la par de la fundaci\u00f3n de la Liga all\u00e1 por 1961. <\/p>\n\n\n\n<p>Pas\u00f3 por varias instituciones y en cada una de ellas siempre dej\u00f3 su sello donde predominaba el respecto y la responsabilidad.<\/p>\n\n\n\n<p>La Comisi\u00f3n Directiva de la Liga Deportiva Infantil expresa el m\u00e1s sentido p\u00e9same a la familia de \u201cPinocho\u201d, quien ser\u00e1 recordado, ante todo, por su calidad de persona.<\/p>\n","protected":false},"excerpt":{"rendered":"<p>La liga infantil de futbol sampedrino realizo una publicaci\u00f3n en su cuenta de Facebook como homenaje al querido \u00abpinocho\u00bb Velo, entrenador y formador de jugadores. Este domingo nos dej\u00f3 el querido y respetado Horacio \u201cPinocho\u201d Velo. Ten\u00eda 79 a\u00f1os y fue un verdadero formador de futbolistas que con el correr de los a\u00f1os llegaron a [&hellip;]<\/p>\n","protected":false},"author":4,"featured_media":83593,"comment_status":"open","ping_status":"closed","sticky":false,"template":"","format":"standard","meta":{"om_disable_all_campaigns":false,"_jetpack_memberships_contains_paid_content":false,"footnotes":""},"categories":[101,2],"tags":[197,1031,33,1895,1040],"class_list":["post-83592","post","type-post","status-publish","format-standard","has-post-thumbnail","hentry","category-interes-general-locales","category-locales","tag-buenos-aires","tag-interes-general-2","tag-locales","tag-pinocho-velo","tag-san-pedro-buenos-aires"],"aioseo_notices":[],"gutentor_comment":0,"jetpack_featured_media_url":"https:\/\/eldiariodesanpedro.com.ar\/sitio\/wp-content\/uploads\/2020\/11\/Sin-titulo-1-9.jpg","jetpack_shortlink":"https:\/\/wp.me\/p6RhLt-lKg","jetpack_sharing_enabled":true,"_links":{"self":[{"href":"https:\/\/eldiariodesanpedro.com.ar\/sitio\/wp-json\/wp\/v2\/posts\/83592","targetHints":{"allow":["GET"]}}],"collection":[{"href":"https:\/\/eldiariodesanpedro.com.ar\/sitio\/wp-json\/wp\/v2\/posts"}],"about":[{"href":"https:\/\/eldiariodesanpedro.com.ar\/sitio\/wp-json\/wp\/v2\/types\/post"}],"author":[{"embeddable":true,"href":"https:\/\/eldiariodesanpedro.com.ar\/sitio\/wp-json\/wp\/v2\/users\/4"}],"replies":[{"embeddable":true,"href":"https:\/\/eldiariodesanpedro.com.ar\/sitio\/wp-json\/wp\/v2\/comments?post=83592"}],"version-history":[{"count":2,"href":"https:\/\/eldiariodesanpedro.com.ar\/sitio\/wp-json\/wp\/v2\/posts\/83592\/revisions"}],"predecessor-version":[{"id":83595,"href":"https:\/\/eldiariodesanpedro.com.ar\/sitio\/wp-json\/wp\/v2\/posts\/83592\/revisions\/83595"}],"wp:featuredmedia":[{"embeddable":true,"href":"https:\/\/eldiariodesanpedro.com.ar\/sitio\/wp-json\/wp\/v2\/media\/83593"}],"wp:attachment":[{"href":"https:\/\/eldiariodesanpedro.com.ar\/sitio\/wp-json\/wp\/v2\/media?parent=83592"}],"wp:term":[{"taxonomy":"category","embeddable":true,"href":"https:\/\/eldiariodesanpedro.com.ar\/sitio\/wp-json\/wp\/v2\/categories?post=83592"},{"taxonomy":"post_tag","embeddable":true,"href":"https:\/\/eldiariodesanpedro.com.ar\/sitio\/wp-json\/wp\/v2\/tags?post=83592"}],"curies":[{"name":"wp","href":"https:\/\/api.w.org\/{rel}","templated":true}]}}