{"id":83589,"date":"2020-11-16T11:43:14","date_gmt":"2020-11-16T14:43:14","guid":{"rendered":"https:\/\/eldiariodesanpedro.com.ar\/sitio\/?p=83589"},"modified":"2020-11-16T11:43:18","modified_gmt":"2020-11-16T14:43:18","slug":"la-justicia-santafesina-decidio-que-serjal-continue-detenido","status":"publish","type":"post","link":"https:\/\/eldiariodesanpedro.com.ar\/sitio\/la-justicia-santafesina-decidio-que-serjal-continue-detenido\/","title":{"rendered":"La justicia santafesina decidi\u00f3 que Serjal contin\u00fae detenido"},"content":{"rendered":"<!-- VideographyWP Plugin Message: Automatic video embedding prevented by plugin options. -->\n\n<p>El ex fiscal regional de Rosario permanecer\u00e1 en prisi\u00f3n 90 d\u00edas m\u00e1s. Su defensa hab\u00eda recusado a la jueza interviniente pero esa presentaci\u00f3n fue desestimada.<\/p>\n\n\n\n<p>El abogado sampedrino y ex fiscal regional de Rosario, Patricio Serjal, permanecer\u00e1 detenido hasta el 2 de febrero luego de que el fiscal Luis Schiappa Pietra solicitara una pr\u00f3rroga de la prisi\u00f3n preventiva que en principio fuera dictada el pasado 11 de agosto.<\/p>\n\n\n\n<p>El letrado rosarino pidi\u00f3 que el acusado permanezca 90 d\u00edas m\u00e1s en prisi\u00f3n luego que se cumplieran los primeros tres meses en el transcurso de la semana anterior.<\/p>\n\n\n\n<p>En medio de todo este proceso, la defensa del Dr. Serjal, a cargo del estudio Lima, solicit\u00f3 la recusaci\u00f3n de la jueza &nbsp;Eleonora Ver\u00f3n, al entender que no ha sido justa con la posici\u00f3n adoptada en la causa contra Serjal. El pedido no prosper\u00f3 y a la vez, la Dra. Ver\u00f3n, pidi\u00f3 la recusaci\u00f3n del camarista Guillermo Llaudet, quien hab\u00eda argumentado que no exist\u00edan elementos de pruebas suficientes para sostener la prisi\u00f3n preventiva del abogado imputado.<\/p>\n\n\n\n<p>Sobre el fiscal regional pesan graves cargos de los que dice ser inocente. De todos modos, para sostener el pedido de pr\u00f3rroga de su prisi\u00f3n preventiva, el fiscal Schiappa Pietra, sostuvo que advirti\u00f3 un incremento patrimonial de al menos dos millones de pesos durante los tres a\u00f1os que se desempe\u00f1\u00f3 como fiscal regional Serjal, y a la vez un desfasaje financiero de dos millones y medio entre sus ingresos y sus gastos durante ese per\u00edodo.<\/p>\n\n\n\n<p>Fuente: <a href=\"https:\/\/www.sanpedroinforma.com.ar\/nota\/123802\/interes-general\/la-justicia-santafesina-decidio-que-serjal-continue-detenido.html\">San Pedro Informa<\/a><\/p>\n","protected":false},"excerpt":{"rendered":"<p>El ex fiscal regional de Rosario permanecer\u00e1 en prisi\u00f3n 90 d\u00edas m\u00e1s. Su defensa hab\u00eda recusado a la jueza interviniente pero esa presentaci\u00f3n fue desestimada. El abogado sampedrino y ex fiscal regional de Rosario, Patricio Serjal, permanecer\u00e1 detenido hasta el 2 de febrero luego de que el fiscal Luis Schiappa Pietra solicitara una pr\u00f3rroga de [&hellip;]<\/p>\n","protected":false},"author":4,"featured_media":83590,"comment_status":"open","ping_status":"closed","sticky":false,"template":"","format":"standard","meta":{"om_disable_all_campaigns":false,"_jetpack_memberships_contains_paid_content":false,"footnotes":""},"categories":[101,2],"tags":[197,1894,696,33,1040,1893],"class_list":["post-83589","post","type-post","status-publish","format-standard","has-post-thumbnail","hentry","category-interes-general-locales","category-locales","tag-buenos-aires","tag-ex-fiscal-regional-de-rosario","tag-interes-general","tag-locales","tag-san-pedro-buenos-aires","tag-serjal"],"aioseo_notices":[],"gutentor_comment":0,"jetpack_featured_media_url":"https:\/\/eldiariodesanpedro.com.ar\/sitio\/wp-content\/uploads\/2020\/11\/000088259.jpeg","jetpack_shortlink":"https:\/\/wp.me\/p6RhLt-lKd","jetpack_sharing_enabled":true,"_links":{"self":[{"href":"https:\/\/eldiariodesanpedro.com.ar\/sitio\/wp-json\/wp\/v2\/posts\/83589","targetHints":{"allow":["GET"]}}],"collection":[{"href":"https:\/\/eldiariodesanpedro.com.ar\/sitio\/wp-json\/wp\/v2\/posts"}],"about":[{"href":"https:\/\/eldiariodesanpedro.com.ar\/sitio\/wp-json\/wp\/v2\/types\/post"}],"author":[{"embeddable":true,"href":"https:\/\/eldiariodesanpedro.com.ar\/sitio\/wp-json\/wp\/v2\/users\/4"}],"replies":[{"embeddable":true,"href":"https:\/\/eldiariodesanpedro.com.ar\/sitio\/wp-json\/wp\/v2\/comments?post=83589"}],"version-history":[{"count":1,"href":"https:\/\/eldiariodesanpedro.com.ar\/sitio\/wp-json\/wp\/v2\/posts\/83589\/revisions"}],"predecessor-version":[{"id":83591,"href":"https:\/\/eldiariodesanpedro.com.ar\/sitio\/wp-json\/wp\/v2\/posts\/83589\/revisions\/83591"}],"wp:featuredmedia":[{"embeddable":true,"href":"https:\/\/eldiariodesanpedro.com.ar\/sitio\/wp-json\/wp\/v2\/media\/83590"}],"wp:attachment":[{"href":"https:\/\/eldiariodesanpedro.com.ar\/sitio\/wp-json\/wp\/v2\/media?parent=83589"}],"wp:term":[{"taxonomy":"category","embeddable":true,"href":"https:\/\/eldiariodesanpedro.com.ar\/sitio\/wp-json\/wp\/v2\/categories?post=83589"},{"taxonomy":"post_tag","embeddable":true,"href":"https:\/\/eldiariodesanpedro.com.ar\/sitio\/wp-json\/wp\/v2\/tags?post=83589"}],"curies":[{"name":"wp","href":"https:\/\/api.w.org\/{rel}","templated":true}]}}