{"id":83583,"date":"2020-11-16T11:37:42","date_gmt":"2020-11-16T14:37:42","guid":{"rendered":"https:\/\/eldiariodesanpedro.com.ar\/sitio\/?p=83583"},"modified":"2020-11-16T11:37:46","modified_gmt":"2020-11-16T14:37:46","slug":"una-obra-de-coki-lopez-le-rinde-homenaje-a-los-heroes-de-obligado","status":"publish","type":"post","link":"https:\/\/eldiariodesanpedro.com.ar\/sitio\/una-obra-de-coki-lopez-le-rinde-homenaje-a-los-heroes-de-obligado\/","title":{"rendered":"Una obra de \u201cCoki\u201d L\u00f3pez le rinde homenaje a los h\u00e9roes de Obligado"},"content":{"rendered":"<!-- VideographyWP Plugin Message: Automatic video embedding prevented by plugin options. -->\n\n<p>El trabajo del artista local Jorge L\u00f3pez ya fue instalado en el hist\u00f3rico lugar y ser\u00e1 presentado oficialmente el D\u00eda de la Soberan\u00eda.<\/p>\n\n\n\n<p>En medio de las tareas de refacci\u00f3n y mejoras que se est\u00e1n efectuando en la playa de Vuelta de Obligado, en los \u00faltimos d\u00edas se coloc\u00f3 una obra del artista local Jorge \u201cCoki\u201d L\u00f3pez, la cual rinde homenaje a los combatientes de la batalla de Obligado.<\/p>\n\n\n\n<p>El trabajo ideado por el artista est\u00e1 construido en metal calado con el mismo sistema que anteriormente elabor\u00f3 los monumentos a Agenor Almada y Lorenzo Garc\u00eda.<\/p>\n\n\n\n<p>La obra ya fue colocada a metros del r\u00edo Paran\u00e1 y ser\u00e1 presentada formalmente el D\u00eda de la Soberan\u00eda el pr\u00f3ximo 20 de noviembre.<\/p>\n\n\n\n<p>\u201cMuchas gracias Intendente Cecilio Salazar por confiarme esta obra. Y gracias al equipo de Obras P\u00fablicas dirigido por Ariel Alvarez y a los compa\u00f1eros municipales del Area de Mantenimiento que le pusieron garra y coraz\u00f3n para llevar adelante este Proyecto. Sin su decisi\u00f3n pol\u00edtica y el apoyo de su equipo. esta escultura no estar\u00eda all\u00ed, para rendir homenaje a todos y todas, esos seres an\u00f3nimos\u00a0 que pusieron el cuero\u00a0 y dejaron su sangre por la soberan\u00eda de esta Patria\u201d, escribi\u00f3 Jorge L\u00f3pez en las redes sociales.<\/p>\n\n\n\n<p>Fuente: <a href=\"https:\/\/www.sanpedroinforma.com.ar\/nota\/123801\/sociedad\/una-obra-de-coki-lopez-le-rinde-homenaje-a-los-heroes-de-obligado.html\">San Pedro Informa<\/a><\/p>\n","protected":false},"excerpt":{"rendered":"<p>El trabajo del artista local Jorge L\u00f3pez ya fue instalado en el hist\u00f3rico lugar y ser\u00e1 presentado oficialmente el D\u00eda de la Soberan\u00eda. En medio de las tareas de refacci\u00f3n y mejoras que se est\u00e1n efectuando en la playa de Vuelta de Obligado, en los \u00faltimos d\u00edas se coloc\u00f3 una obra del artista local Jorge [&hellip;]<\/p>\n","protected":false},"author":4,"featured_media":83584,"comment_status":"open","ping_status":"closed","sticky":false,"template":"","format":"standard","meta":{"om_disable_all_campaigns":false,"_jetpack_memberships_contains_paid_content":false,"footnotes":""},"categories":[50,101,2],"tags":[197,1891,1892,696,33,19],"class_list":["post-83583","post","type-post","status-publish","format-standard","has-post-thumbnail","hentry","category-destacadas","category-interes-general-locales","category-locales","tag-buenos-aires","tag-coki-lopez","tag-homenaje-a-los-heroes-de-obligado","tag-interes-general","tag-locales","tag-san-pedro"],"aioseo_notices":[],"gutentor_comment":0,"jetpack_featured_media_url":"https:\/\/eldiariodesanpedro.com.ar\/sitio\/wp-content\/uploads\/2020\/11\/000088235.jpg","jetpack_shortlink":"https:\/\/wp.me\/p6RhLt-lK7","jetpack_sharing_enabled":true,"_links":{"self":[{"href":"https:\/\/eldiariodesanpedro.com.ar\/sitio\/wp-json\/wp\/v2\/posts\/83583","targetHints":{"allow":["GET"]}}],"collection":[{"href":"https:\/\/eldiariodesanpedro.com.ar\/sitio\/wp-json\/wp\/v2\/posts"}],"about":[{"href":"https:\/\/eldiariodesanpedro.com.ar\/sitio\/wp-json\/wp\/v2\/types\/post"}],"author":[{"embeddable":true,"href":"https:\/\/eldiariodesanpedro.com.ar\/sitio\/wp-json\/wp\/v2\/users\/4"}],"replies":[{"embeddable":true,"href":"https:\/\/eldiariodesanpedro.com.ar\/sitio\/wp-json\/wp\/v2\/comments?post=83583"}],"version-history":[{"count":1,"href":"https:\/\/eldiariodesanpedro.com.ar\/sitio\/wp-json\/wp\/v2\/posts\/83583\/revisions"}],"predecessor-version":[{"id":83585,"href":"https:\/\/eldiariodesanpedro.com.ar\/sitio\/wp-json\/wp\/v2\/posts\/83583\/revisions\/83585"}],"wp:featuredmedia":[{"embeddable":true,"href":"https:\/\/eldiariodesanpedro.com.ar\/sitio\/wp-json\/wp\/v2\/media\/83584"}],"wp:attachment":[{"href":"https:\/\/eldiariodesanpedro.com.ar\/sitio\/wp-json\/wp\/v2\/media?parent=83583"}],"wp:term":[{"taxonomy":"category","embeddable":true,"href":"https:\/\/eldiariodesanpedro.com.ar\/sitio\/wp-json\/wp\/v2\/categories?post=83583"},{"taxonomy":"post_tag","embeddable":true,"href":"https:\/\/eldiariodesanpedro.com.ar\/sitio\/wp-json\/wp\/v2\/tags?post=83583"}],"curies":[{"name":"wp","href":"https:\/\/api.w.org\/{rel}","templated":true}]}}