{"id":83579,"date":"2020-11-16T11:27:19","date_gmt":"2020-11-16T14:27:19","guid":{"rendered":"https:\/\/eldiariodesanpedro.com.ar\/sitio\/?p=83579"},"modified":"2020-11-16T11:27:22","modified_gmt":"2020-11-16T14:27:22","slug":"envio-a-a-su-hija-de-6-anos-a-robar-en-un-local-comercial-y-fue-aprehendido","status":"publish","type":"post","link":"https:\/\/eldiariodesanpedro.com.ar\/sitio\/envio-a-a-su-hija-de-6-anos-a-robar-en-un-local-comercial-y-fue-aprehendido\/","title":{"rendered":"Envi\u00f3 a a su hija de 6 a\u00f1os a robar en un local comercial y fue aprehendido"},"content":{"rendered":"<!-- VideographyWP Plugin Message: Automatic video embedding prevented by plugin options. -->\n\n<p>El pasado domingo en calle San Martin y Humanes, un m\u00f3vil policial aprehende in fraganti a masculino mayor de edad quien hall\u00e1base intimando a su hija de 6 a\u00f1os a ingresar a robar a comercio, sin lograr objetivo ya que la menor se habr\u00eda alterado, advertida situaci\u00f3n por propietario de local.&nbsp;<\/p>\n\n\n\n<p>Menor asistida por progenitora en la comisar\u00eda de la mujer.<\/p>\n","protected":false},"excerpt":{"rendered":"<p>El pasado domingo en calle San Martin y Humanes, un m\u00f3vil policial aprehende in fraganti a masculino mayor de edad quien hall\u00e1base intimando a su hija de 6 a\u00f1os a ingresar a robar a comercio, sin lograr objetivo ya que la menor se habr\u00eda alterado, advertida situaci\u00f3n por propietario de local.&nbsp; Menor asistida por progenitora [&hellip;]<\/p>\n","protected":false},"author":4,"featured_media":80098,"comment_status":"open","ping_status":"closed","sticky":false,"template":"","format":"standard","meta":{"om_disable_all_campaigns":false,"_jetpack_memberships_contains_paid_content":false,"footnotes":""},"categories":[50,2,103],"tags":[197,33,95,19],"class_list":["post-83579","post","type-post","status-publish","format-standard","has-post-thumbnail","hentry","category-destacadas","category-locales","category-policiales-locales","tag-buenos-aires","tag-locales","tag-policiales","tag-san-pedro"],"aioseo_notices":[],"gutentor_comment":0,"jetpack_featured_media_url":"https:\/\/eldiariodesanpedro.com.ar\/sitio\/wp-content\/uploads\/2020\/08\/la-comisaria-de-la-mujer___w9ngJVkEw_640x361__1.jpg","jetpack_shortlink":"https:\/\/wp.me\/p6RhLt-lK3","jetpack_sharing_enabled":true,"_links":{"self":[{"href":"https:\/\/eldiariodesanpedro.com.ar\/sitio\/wp-json\/wp\/v2\/posts\/83579","targetHints":{"allow":["GET"]}}],"collection":[{"href":"https:\/\/eldiariodesanpedro.com.ar\/sitio\/wp-json\/wp\/v2\/posts"}],"about":[{"href":"https:\/\/eldiariodesanpedro.com.ar\/sitio\/wp-json\/wp\/v2\/types\/post"}],"author":[{"embeddable":true,"href":"https:\/\/eldiariodesanpedro.com.ar\/sitio\/wp-json\/wp\/v2\/users\/4"}],"replies":[{"embeddable":true,"href":"https:\/\/eldiariodesanpedro.com.ar\/sitio\/wp-json\/wp\/v2\/comments?post=83579"}],"version-history":[{"count":1,"href":"https:\/\/eldiariodesanpedro.com.ar\/sitio\/wp-json\/wp\/v2\/posts\/83579\/revisions"}],"predecessor-version":[{"id":83580,"href":"https:\/\/eldiariodesanpedro.com.ar\/sitio\/wp-json\/wp\/v2\/posts\/83579\/revisions\/83580"}],"wp:featuredmedia":[{"embeddable":true,"href":"https:\/\/eldiariodesanpedro.com.ar\/sitio\/wp-json\/wp\/v2\/media\/80098"}],"wp:attachment":[{"href":"https:\/\/eldiariodesanpedro.com.ar\/sitio\/wp-json\/wp\/v2\/media?parent=83579"}],"wp:term":[{"taxonomy":"category","embeddable":true,"href":"https:\/\/eldiariodesanpedro.com.ar\/sitio\/wp-json\/wp\/v2\/categories?post=83579"},{"taxonomy":"post_tag","embeddable":true,"href":"https:\/\/eldiariodesanpedro.com.ar\/sitio\/wp-json\/wp\/v2\/tags?post=83579"}],"curies":[{"name":"wp","href":"https:\/\/api.w.org\/{rel}","templated":true}]}}