{"id":83577,"date":"2020-11-16T11:19:17","date_gmt":"2020-11-16T14:19:17","guid":{"rendered":"https:\/\/eldiariodesanpedro.com.ar\/sitio\/?p=83577"},"modified":"2020-11-16T11:19:21","modified_gmt":"2020-11-16T14:19:21","slug":"varios-aprehendidos-por-disturbios-en-vuelta-de-obligado","status":"publish","type":"post","link":"https:\/\/eldiariodesanpedro.com.ar\/sitio\/varios-aprehendidos-por-disturbios-en-vuelta-de-obligado\/","title":{"rendered":"Varios aprehendidos por disturbios en Vuelta de Obligado"},"content":{"rendered":"<!-- VideographyWP Plugin Message: Automatic video embedding prevented by plugin options. -->\n\n<p>En horas de la madrugada del d\u00eda de hoy en calle Lucio Mansilla s\/n Paraje Vuelta de Obligado aprehendi\u00f3 a tres masculinos mayores de edad quienes estaban en estado ebriedad ocasionando disturbios en la v\u00eda p\u00fablica, e intercambiando golpes de pu\u00f1os, con cuchillo y trozo de hierro, secuestrando en su poder motocicleta marca Gilera 110, un cuchillo, una chaira\u00a0 y un trozo de hierro.\u00a0<\/p>\n","protected":false},"excerpt":{"rendered":"<p>En horas de la madrugada del d\u00eda de hoy en calle Lucio Mansilla s\/n Paraje Vuelta de Obligado aprehendi\u00f3 a tres masculinos mayores de edad quienes estaban en estado ebriedad ocasionando disturbios en la v\u00eda p\u00fablica, e intercambiando golpes de pu\u00f1os, con cuchillo y trozo de hierro, secuestrando en su poder motocicleta marca Gilera 110, [&hellip;]<\/p>\n","protected":false},"author":4,"featured_media":77860,"comment_status":"open","ping_status":"closed","sticky":false,"template":"","format":"standard","meta":{"om_disable_all_campaigns":false,"_jetpack_memberships_contains_paid_content":false,"footnotes":""},"categories":[2,103],"tags":[197,33,95,19],"class_list":["post-83577","post","type-post","status-publish","format-standard","has-post-thumbnail","hentry","category-locales","category-policiales-locales","tag-buenos-aires","tag-locales","tag-policiales","tag-san-pedro"],"aioseo_notices":[],"gutentor_comment":0,"jetpack_featured_media_url":"https:\/\/eldiariodesanpedro.com.ar\/sitio\/wp-content\/uploads\/2020\/07\/000085506.jpg","jetpack_shortlink":"https:\/\/wp.me\/p6RhLt-lK1","jetpack_sharing_enabled":true,"_links":{"self":[{"href":"https:\/\/eldiariodesanpedro.com.ar\/sitio\/wp-json\/wp\/v2\/posts\/83577","targetHints":{"allow":["GET"]}}],"collection":[{"href":"https:\/\/eldiariodesanpedro.com.ar\/sitio\/wp-json\/wp\/v2\/posts"}],"about":[{"href":"https:\/\/eldiariodesanpedro.com.ar\/sitio\/wp-json\/wp\/v2\/types\/post"}],"author":[{"embeddable":true,"href":"https:\/\/eldiariodesanpedro.com.ar\/sitio\/wp-json\/wp\/v2\/users\/4"}],"replies":[{"embeddable":true,"href":"https:\/\/eldiariodesanpedro.com.ar\/sitio\/wp-json\/wp\/v2\/comments?post=83577"}],"version-history":[{"count":1,"href":"https:\/\/eldiariodesanpedro.com.ar\/sitio\/wp-json\/wp\/v2\/posts\/83577\/revisions"}],"predecessor-version":[{"id":83578,"href":"https:\/\/eldiariodesanpedro.com.ar\/sitio\/wp-json\/wp\/v2\/posts\/83577\/revisions\/83578"}],"wp:featuredmedia":[{"embeddable":true,"href":"https:\/\/eldiariodesanpedro.com.ar\/sitio\/wp-json\/wp\/v2\/media\/77860"}],"wp:attachment":[{"href":"https:\/\/eldiariodesanpedro.com.ar\/sitio\/wp-json\/wp\/v2\/media?parent=83577"}],"wp:term":[{"taxonomy":"category","embeddable":true,"href":"https:\/\/eldiariodesanpedro.com.ar\/sitio\/wp-json\/wp\/v2\/categories?post=83577"},{"taxonomy":"post_tag","embeddable":true,"href":"https:\/\/eldiariodesanpedro.com.ar\/sitio\/wp-json\/wp\/v2\/tags?post=83577"}],"curies":[{"name":"wp","href":"https:\/\/api.w.org\/{rel}","templated":true}]}}