{"id":83575,"date":"2020-11-16T11:07:46","date_gmt":"2020-11-16T14:07:46","guid":{"rendered":"https:\/\/eldiariodesanpedro.com.ar\/sitio\/?p=83575"},"modified":"2020-11-16T11:07:49","modified_gmt":"2020-11-16T14:07:49","slug":"aprehendieron-a-un-ciudadano-que-golpeo-a-una-nina-de-13-anos","status":"publish","type":"post","link":"https:\/\/eldiariodesanpedro.com.ar\/sitio\/aprehendieron-a-un-ciudadano-que-golpeo-a-una-nina-de-13-anos\/","title":{"rendered":"Aprehendieron a un ciudadano que golpeo a una ni\u00f1a de 13 a\u00f1os"},"content":{"rendered":"<!-- VideographyWP Plugin Message: Automatic video embedding prevented by plugin options. -->\n\n<p>El pasado domingo la polic\u00eda se hizo presente en calle Brenan 1100, donde lleva a\u00a0 cabo la aprehensi\u00f3n de un ciudadano de 36 a\u00f1os, quien momentos antes amenaza, lesiona a un menor de 13 a\u00f1os y provoca da\u00f1os autom\u00f3vil propiedad de su expareja.<\/p>\n","protected":false},"excerpt":{"rendered":"<p>El pasado domingo la polic\u00eda se hizo presente en calle Brenan 1100, donde lleva a\u00a0 cabo la aprehensi\u00f3n de un ciudadano de 36 a\u00f1os, quien momentos antes amenaza, lesiona a un menor de 13 a\u00f1os y provoca da\u00f1os autom\u00f3vil propiedad de su expareja.<\/p>\n","protected":false},"author":4,"featured_media":66451,"comment_status":"open","ping_status":"closed","sticky":false,"template":"","format":"standard","meta":{"om_disable_all_campaigns":false,"_jetpack_memberships_contains_paid_content":false,"footnotes":""},"categories":[2,103],"tags":[197,33,95,19],"class_list":["post-83575","post","type-post","status-publish","format-standard","has-post-thumbnail","hentry","category-locales","category-policiales-locales","tag-buenos-aires","tag-locales","tag-policiales","tag-san-pedro"],"aioseo_notices":[],"gutentor_comment":0,"jetpack_featured_media_url":"https:\/\/eldiariodesanpedro.com.ar\/sitio\/wp-content\/uploads\/2020\/01\/violencia-de-genero1.jpg","jetpack_shortlink":"https:\/\/wp.me\/p6RhLt-lJZ","jetpack_sharing_enabled":true,"_links":{"self":[{"href":"https:\/\/eldiariodesanpedro.com.ar\/sitio\/wp-json\/wp\/v2\/posts\/83575","targetHints":{"allow":["GET"]}}],"collection":[{"href":"https:\/\/eldiariodesanpedro.com.ar\/sitio\/wp-json\/wp\/v2\/posts"}],"about":[{"href":"https:\/\/eldiariodesanpedro.com.ar\/sitio\/wp-json\/wp\/v2\/types\/post"}],"author":[{"embeddable":true,"href":"https:\/\/eldiariodesanpedro.com.ar\/sitio\/wp-json\/wp\/v2\/users\/4"}],"replies":[{"embeddable":true,"href":"https:\/\/eldiariodesanpedro.com.ar\/sitio\/wp-json\/wp\/v2\/comments?post=83575"}],"version-history":[{"count":1,"href":"https:\/\/eldiariodesanpedro.com.ar\/sitio\/wp-json\/wp\/v2\/posts\/83575\/revisions"}],"predecessor-version":[{"id":83576,"href":"https:\/\/eldiariodesanpedro.com.ar\/sitio\/wp-json\/wp\/v2\/posts\/83575\/revisions\/83576"}],"wp:featuredmedia":[{"embeddable":true,"href":"https:\/\/eldiariodesanpedro.com.ar\/sitio\/wp-json\/wp\/v2\/media\/66451"}],"wp:attachment":[{"href":"https:\/\/eldiariodesanpedro.com.ar\/sitio\/wp-json\/wp\/v2\/media?parent=83575"}],"wp:term":[{"taxonomy":"category","embeddable":true,"href":"https:\/\/eldiariodesanpedro.com.ar\/sitio\/wp-json\/wp\/v2\/categories?post=83575"},{"taxonomy":"post_tag","embeddable":true,"href":"https:\/\/eldiariodesanpedro.com.ar\/sitio\/wp-json\/wp\/v2\/tags?post=83575"}],"curies":[{"name":"wp","href":"https:\/\/api.w.org\/{rel}","templated":true}]}}