{"id":83573,"date":"2020-11-16T10:57:22","date_gmt":"2020-11-16T13:57:22","guid":{"rendered":"https:\/\/eldiariodesanpedro.com.ar\/sitio\/?p=83573"},"modified":"2020-11-16T10:57:27","modified_gmt":"2020-11-16T13:57:27","slug":"trato-de-agredir-a-los-inspectores-cuando-le-secuestraron-la-moto","status":"publish","type":"post","link":"https:\/\/eldiariodesanpedro.com.ar\/sitio\/trato-de-agredir-a-los-inspectores-cuando-le-secuestraron-la-moto\/","title":{"rendered":"Trato de agredir a los inspectores cuando le secuestraron la moto"},"content":{"rendered":"<!-- VideographyWP Plugin Message: Automatic video embedding prevented by plugin options. -->\n\n<p>El pasado s\u00e1bado en Av. Espa\u00f1a S\/N,&nbsp; la polic\u00eda lleva a cabo la aprehensi\u00f3n de un ciudadano de 21 a\u00f1os, quien intenta fugar de operativo Tr\u00e1nsito y se ofusca intentando agredir actuantes.&nbsp;<\/p>\n\n\n\n<p>Se procede al secuestro de una motocicleta Guerrero Trip. Personal ileso.&nbsp;<\/p>\n","protected":false},"excerpt":{"rendered":"<p>El pasado s\u00e1bado en Av. Espa\u00f1a S\/N,&nbsp; la polic\u00eda lleva a cabo la aprehensi\u00f3n de un ciudadano de 21 a\u00f1os, quien intenta fugar de operativo Tr\u00e1nsito y se ofusca intentando agredir actuantes.&nbsp; Se procede al secuestro de una motocicleta Guerrero Trip. Personal ileso.&nbsp;<\/p>\n","protected":false},"author":4,"featured_media":66784,"comment_status":"open","ping_status":"closed","sticky":false,"template":"","format":"standard","meta":{"om_disable_all_campaigns":false,"_jetpack_memberships_contains_paid_content":false,"footnotes":""},"categories":[2,103],"tags":[197,33,95],"class_list":["post-83573","post","type-post","status-publish","format-standard","has-post-thumbnail","hentry","category-locales","category-policiales-locales","tag-buenos-aires","tag-locales","tag-policiales"],"aioseo_notices":[],"gutentor_comment":0,"jetpack_featured_media_url":"https:\/\/eldiariodesanpedro.com.ar\/sitio\/wp-content\/uploads\/2020\/01\/detenido-1.jpg","jetpack_shortlink":"https:\/\/wp.me\/p6RhLt-lJX","jetpack_sharing_enabled":true,"_links":{"self":[{"href":"https:\/\/eldiariodesanpedro.com.ar\/sitio\/wp-json\/wp\/v2\/posts\/83573","targetHints":{"allow":["GET"]}}],"collection":[{"href":"https:\/\/eldiariodesanpedro.com.ar\/sitio\/wp-json\/wp\/v2\/posts"}],"about":[{"href":"https:\/\/eldiariodesanpedro.com.ar\/sitio\/wp-json\/wp\/v2\/types\/post"}],"author":[{"embeddable":true,"href":"https:\/\/eldiariodesanpedro.com.ar\/sitio\/wp-json\/wp\/v2\/users\/4"}],"replies":[{"embeddable":true,"href":"https:\/\/eldiariodesanpedro.com.ar\/sitio\/wp-json\/wp\/v2\/comments?post=83573"}],"version-history":[{"count":1,"href":"https:\/\/eldiariodesanpedro.com.ar\/sitio\/wp-json\/wp\/v2\/posts\/83573\/revisions"}],"predecessor-version":[{"id":83574,"href":"https:\/\/eldiariodesanpedro.com.ar\/sitio\/wp-json\/wp\/v2\/posts\/83573\/revisions\/83574"}],"wp:featuredmedia":[{"embeddable":true,"href":"https:\/\/eldiariodesanpedro.com.ar\/sitio\/wp-json\/wp\/v2\/media\/66784"}],"wp:attachment":[{"href":"https:\/\/eldiariodesanpedro.com.ar\/sitio\/wp-json\/wp\/v2\/media?parent=83573"}],"wp:term":[{"taxonomy":"category","embeddable":true,"href":"https:\/\/eldiariodesanpedro.com.ar\/sitio\/wp-json\/wp\/v2\/categories?post=83573"},{"taxonomy":"post_tag","embeddable":true,"href":"https:\/\/eldiariodesanpedro.com.ar\/sitio\/wp-json\/wp\/v2\/tags?post=83573"}],"curies":[{"name":"wp","href":"https:\/\/api.w.org\/{rel}","templated":true}]}}