{"id":83571,"date":"2020-11-16T10:36:00","date_gmt":"2020-11-16T13:36:00","guid":{"rendered":"https:\/\/eldiariodesanpedro.com.ar\/sitio\/?p=83571"},"modified":"2020-11-16T10:36:05","modified_gmt":"2020-11-16T13:36:05","slug":"golpeo-a-su-madre-y-su-hermana-ademas-de-provocar-danos-en-la-vivienda","status":"publish","type":"post","link":"https:\/\/eldiariodesanpedro.com.ar\/sitio\/golpeo-a-su-madre-y-su-hermana-ademas-de-provocar-danos-en-la-vivienda\/","title":{"rendered":"Golpeo a su madre y su hermana, adem\u00e1s de provocar da\u00f1os en la vivienda"},"content":{"rendered":"<!-- VideographyWP Plugin Message: Automatic video embedding prevented by plugin options. -->\n\n<p>Un joven fue aprehendido despu\u00e9s de haber golpeado a&nbsp; su madre y hermana, adem\u00e1s de provocar da\u00f1os en la vivienda.<\/p>\n\n\n\n<p>Este viernes se realiz\u00f3 un llamado al 911 por parte de una mujer que denuncia que en calle Liniers al 1900 un joven mayor de edad golpe\u00f3 a su madre y su hermana, adem\u00e1s de haber generado da\u00f1os en la morada, seguido de amenazas, posterior emprende fuga ante presencia policial, siendo aprehendido inmediatamente, se secuestra en su poder arma blanca.&nbsp;<\/p>\n\n\n\n<p>El joven fue trasladado a la comisar\u00eda local donde permaneci\u00f3 detenido y su posterior libertad tras recaudo legales.<\/p>\n","protected":false},"excerpt":{"rendered":"<p>Un joven fue aprehendido despu\u00e9s de haber golpeado a&nbsp; su madre y hermana, adem\u00e1s de provocar da\u00f1os en la vivienda. Este viernes se realiz\u00f3 un llamado al 911 por parte de una mujer que denuncia que en calle Liniers al 1900 un joven mayor de edad golpe\u00f3 a su madre y su hermana, adem\u00e1s de [&hellip;]<\/p>\n","protected":false},"author":4,"featured_media":67079,"comment_status":"open","ping_status":"closed","sticky":false,"template":"","format":"standard","meta":{"om_disable_all_campaigns":false,"_jetpack_memberships_contains_paid_content":false,"footnotes":""},"categories":[2,103],"tags":[197,33,95,19],"class_list":["post-83571","post","type-post","status-publish","format-standard","has-post-thumbnail","hentry","category-locales","category-policiales-locales","tag-buenos-aires","tag-locales","tag-policiales","tag-san-pedro"],"aioseo_notices":[],"gutentor_comment":0,"jetpack_featured_media_url":"https:\/\/eldiariodesanpedro.com.ar\/sitio\/wp-content\/uploads\/2020\/01\/menor-detenido3.jpg","jetpack_shortlink":"https:\/\/wp.me\/p6RhLt-lJV","jetpack_sharing_enabled":true,"_links":{"self":[{"href":"https:\/\/eldiariodesanpedro.com.ar\/sitio\/wp-json\/wp\/v2\/posts\/83571","targetHints":{"allow":["GET"]}}],"collection":[{"href":"https:\/\/eldiariodesanpedro.com.ar\/sitio\/wp-json\/wp\/v2\/posts"}],"about":[{"href":"https:\/\/eldiariodesanpedro.com.ar\/sitio\/wp-json\/wp\/v2\/types\/post"}],"author":[{"embeddable":true,"href":"https:\/\/eldiariodesanpedro.com.ar\/sitio\/wp-json\/wp\/v2\/users\/4"}],"replies":[{"embeddable":true,"href":"https:\/\/eldiariodesanpedro.com.ar\/sitio\/wp-json\/wp\/v2\/comments?post=83571"}],"version-history":[{"count":1,"href":"https:\/\/eldiariodesanpedro.com.ar\/sitio\/wp-json\/wp\/v2\/posts\/83571\/revisions"}],"predecessor-version":[{"id":83572,"href":"https:\/\/eldiariodesanpedro.com.ar\/sitio\/wp-json\/wp\/v2\/posts\/83571\/revisions\/83572"}],"wp:featuredmedia":[{"embeddable":true,"href":"https:\/\/eldiariodesanpedro.com.ar\/sitio\/wp-json\/wp\/v2\/media\/67079"}],"wp:attachment":[{"href":"https:\/\/eldiariodesanpedro.com.ar\/sitio\/wp-json\/wp\/v2\/media?parent=83571"}],"wp:term":[{"taxonomy":"category","embeddable":true,"href":"https:\/\/eldiariodesanpedro.com.ar\/sitio\/wp-json\/wp\/v2\/categories?post=83571"},{"taxonomy":"post_tag","embeddable":true,"href":"https:\/\/eldiariodesanpedro.com.ar\/sitio\/wp-json\/wp\/v2\/tags?post=83571"}],"curies":[{"name":"wp","href":"https:\/\/api.w.org\/{rel}","templated":true}]}}