{"id":83567,"date":"2020-11-16T10:16:59","date_gmt":"2020-11-16T13:16:59","guid":{"rendered":"https:\/\/eldiariodesanpedro.com.ar\/sitio\/?p=83567"},"modified":"2020-11-16T10:17:03","modified_gmt":"2020-11-16T13:17:03","slug":"aprehensiones-por-disturbios-en-la-via-publica","status":"publish","type":"post","link":"https:\/\/eldiariodesanpedro.com.ar\/sitio\/aprehensiones-por-disturbios-en-la-via-publica\/","title":{"rendered":"Aprehensiones por disturbios en la v\u00eda p\u00fablica"},"content":{"rendered":"<!-- VideographyWP Plugin Message: Automatic video embedding prevented by plugin options. -->\n\n<p>Durante el fin de semana la polic\u00eda realiz\u00f3 diferentes operativos en donde se logr\u00f3 la aprehensi\u00f3n de ciudadanos que se encontraban ocasionando disturbios en la v\u00eda p\u00fablica.<\/p>\n\n\n\n<p>El personal destacamento de Gobernador Castro se ha presentado en calle Belgrano y Urquiza, donde se aprehende masculino de 22 a\u00f1os quien estado de ebriedad ocasiona disturbio y alteraba la paz p\u00fablica.&nbsp;<\/p>\n\n\n\n<p>El mismo s\u00e1bado en la intersecci\u00f3n de las calles San Mart\u00edn&nbsp; y Sgto. Cabral de la localidad de R\u00edo Tala procedi\u00f3 a la aprehensi\u00f3n de masculino de 20 a\u00f1os quien se encontraba realizando disturbios en estado de ebriedad<\/p>\n\n\n\n<p>Por \u00faltimo en San Pedro en calle 11 de septiembre y Bozzano la polic\u00eda aprehende&nbsp; a tres masculinos mayores de edad, quienes se hallaban en estado de ebriedad ocasionando disturbios.&nbsp;<\/p>\n\n\n\n<p>Cada uno de ellos fueron trasladados a su correspondiente dependencia donde fueron informados por el Juzgado de Paz y su posterior libertad.<\/p>\n","protected":false},"excerpt":{"rendered":"<p>Durante el fin de semana la polic\u00eda realiz\u00f3 diferentes operativos en donde se logr\u00f3 la aprehensi\u00f3n de ciudadanos que se encontraban ocasionando disturbios en la v\u00eda p\u00fablica. El personal destacamento de Gobernador Castro se ha presentado en calle Belgrano y Urquiza, donde se aprehende masculino de 22 a\u00f1os quien estado de ebriedad ocasiona disturbio y [&hellip;]<\/p>\n","protected":false},"author":4,"featured_media":76955,"comment_status":"open","ping_status":"closed","sticky":false,"template":"","format":"standard","meta":{"om_disable_all_campaigns":false,"_jetpack_memberships_contains_paid_content":false,"footnotes":""},"categories":[2,103],"tags":[197,33,95,19],"class_list":["post-83567","post","type-post","status-publish","format-standard","has-post-thumbnail","hentry","category-locales","category-policiales-locales","tag-buenos-aires","tag-locales","tag-policiales","tag-san-pedro"],"aioseo_notices":[],"gutentor_comment":0,"jetpack_featured_media_url":"https:\/\/eldiariodesanpedro.com.ar\/sitio\/wp-content\/uploads\/2020\/06\/detenido-esposado.jpg","jetpack_shortlink":"https:\/\/wp.me\/p6RhLt-lJR","jetpack_sharing_enabled":true,"_links":{"self":[{"href":"https:\/\/eldiariodesanpedro.com.ar\/sitio\/wp-json\/wp\/v2\/posts\/83567","targetHints":{"allow":["GET"]}}],"collection":[{"href":"https:\/\/eldiariodesanpedro.com.ar\/sitio\/wp-json\/wp\/v2\/posts"}],"about":[{"href":"https:\/\/eldiariodesanpedro.com.ar\/sitio\/wp-json\/wp\/v2\/types\/post"}],"author":[{"embeddable":true,"href":"https:\/\/eldiariodesanpedro.com.ar\/sitio\/wp-json\/wp\/v2\/users\/4"}],"replies":[{"embeddable":true,"href":"https:\/\/eldiariodesanpedro.com.ar\/sitio\/wp-json\/wp\/v2\/comments?post=83567"}],"version-history":[{"count":1,"href":"https:\/\/eldiariodesanpedro.com.ar\/sitio\/wp-json\/wp\/v2\/posts\/83567\/revisions"}],"predecessor-version":[{"id":83568,"href":"https:\/\/eldiariodesanpedro.com.ar\/sitio\/wp-json\/wp\/v2\/posts\/83567\/revisions\/83568"}],"wp:featuredmedia":[{"embeddable":true,"href":"https:\/\/eldiariodesanpedro.com.ar\/sitio\/wp-json\/wp\/v2\/media\/76955"}],"wp:attachment":[{"href":"https:\/\/eldiariodesanpedro.com.ar\/sitio\/wp-json\/wp\/v2\/media?parent=83567"}],"wp:term":[{"taxonomy":"category","embeddable":true,"href":"https:\/\/eldiariodesanpedro.com.ar\/sitio\/wp-json\/wp\/v2\/categories?post=83567"},{"taxonomy":"post_tag","embeddable":true,"href":"https:\/\/eldiariodesanpedro.com.ar\/sitio\/wp-json\/wp\/v2\/tags?post=83567"}],"curies":[{"name":"wp","href":"https:\/\/api.w.org\/{rel}","templated":true}]}}