{"id":83515,"date":"2020-11-13T19:19:52","date_gmt":"2020-11-13T22:19:52","guid":{"rendered":"https:\/\/eldiariodesanpedro.com.ar\/sitio\/?p=83515"},"modified":"2020-11-13T19:19:53","modified_gmt":"2020-11-13T22:19:53","slug":"corte-de-energia-programado-para-el-proximo-lunes","status":"publish","type":"post","link":"https:\/\/eldiariodesanpedro.com.ar\/sitio\/corte-de-energia-programado-para-el-proximo-lunes\/","title":{"rendered":"Corte de energ\u00eda  programado para el pr\u00f3ximo lunes"},"content":{"rendered":"<!-- VideographyWP Plugin Message: Automatic video embedding prevented by plugin options. -->\n\n<p>COOPSER informa que para cumplimentar tareas de mantenimiento, el pr\u00f3ximo\u00a0<strong>LUNES 16 de NOVIEMBRE<\/strong>, se efectuar\u00e1 un corte de energ\u00eda el\u00e9ctrica entre las 7:30 y las 10 en ambas manos de calle Segundo Sombra, del 3200 al 3500 (Barrio Los 4 Robles)<\/p>\n","protected":false},"excerpt":{"rendered":"<p>COOPSER informa que para cumplimentar tareas de mantenimiento, el pr\u00f3ximo\u00a0LUNES 16 de NOVIEMBRE, se efectuar\u00e1 un corte de energ\u00eda el\u00e9ctrica entre las 7:30 y las 10 en ambas manos de calle Segundo Sombra, del 3200 al 3500 (Barrio Los 4 Robles)<\/p>\n","protected":false},"author":4,"featured_media":70168,"comment_status":"open","ping_status":"closed","sticky":false,"template":"","format":"standard","meta":{"om_disable_all_campaigns":false,"_jetpack_memberships_contains_paid_content":false,"footnotes":""},"categories":[101,2],"tags":[197,696,33,19],"class_list":["post-83515","post","type-post","status-publish","format-standard","has-post-thumbnail","hentry","category-interes-general-locales","category-locales","tag-buenos-aires","tag-interes-general","tag-locales","tag-san-pedro"],"aioseo_notices":[],"gutentor_comment":0,"jetpack_featured_media_url":"https:\/\/eldiariodesanpedro.com.ar\/sitio\/wp-content\/uploads\/2020\/03\/archivo-coopser-1.jpeg","jetpack_shortlink":"https:\/\/wp.me\/p6RhLt-lJ1","jetpack_sharing_enabled":true,"_links":{"self":[{"href":"https:\/\/eldiariodesanpedro.com.ar\/sitio\/wp-json\/wp\/v2\/posts\/83515","targetHints":{"allow":["GET"]}}],"collection":[{"href":"https:\/\/eldiariodesanpedro.com.ar\/sitio\/wp-json\/wp\/v2\/posts"}],"about":[{"href":"https:\/\/eldiariodesanpedro.com.ar\/sitio\/wp-json\/wp\/v2\/types\/post"}],"author":[{"embeddable":true,"href":"https:\/\/eldiariodesanpedro.com.ar\/sitio\/wp-json\/wp\/v2\/users\/4"}],"replies":[{"embeddable":true,"href":"https:\/\/eldiariodesanpedro.com.ar\/sitio\/wp-json\/wp\/v2\/comments?post=83515"}],"version-history":[{"count":1,"href":"https:\/\/eldiariodesanpedro.com.ar\/sitio\/wp-json\/wp\/v2\/posts\/83515\/revisions"}],"predecessor-version":[{"id":83516,"href":"https:\/\/eldiariodesanpedro.com.ar\/sitio\/wp-json\/wp\/v2\/posts\/83515\/revisions\/83516"}],"wp:featuredmedia":[{"embeddable":true,"href":"https:\/\/eldiariodesanpedro.com.ar\/sitio\/wp-json\/wp\/v2\/media\/70168"}],"wp:attachment":[{"href":"https:\/\/eldiariodesanpedro.com.ar\/sitio\/wp-json\/wp\/v2\/media?parent=83515"}],"wp:term":[{"taxonomy":"category","embeddable":true,"href":"https:\/\/eldiariodesanpedro.com.ar\/sitio\/wp-json\/wp\/v2\/categories?post=83515"},{"taxonomy":"post_tag","embeddable":true,"href":"https:\/\/eldiariodesanpedro.com.ar\/sitio\/wp-json\/wp\/v2\/tags?post=83515"}],"curies":[{"name":"wp","href":"https:\/\/api.w.org\/{rel}","templated":true}]}}