{"id":83503,"date":"2020-11-13T11:35:53","date_gmt":"2020-11-13T14:35:53","guid":{"rendered":"https:\/\/eldiariodesanpedro.com.ar\/sitio\/?p=83503"},"modified":"2020-11-13T11:35:58","modified_gmt":"2020-11-13T14:35:58","slug":"cuatro-aprehendidos-por-tenencia-de-estupefacientes","status":"publish","type":"post","link":"https:\/\/eldiariodesanpedro.com.ar\/sitio\/cuatro-aprehendidos-por-tenencia-de-estupefacientes\/","title":{"rendered":"Cuatro aprehendidos por tenencia de estupefacientes"},"content":{"rendered":"<!-- VideographyWP Plugin Message: Automatic video embedding prevented by plugin options. -->\n\n<p>Durante el d\u00eda de ayer y madrugada de hoy, se realizaron\u00a0 4 procedimientos similares en el radio urbano de la ciudad, todos con resultado de secuestro de sustancia marihuana con un \u00ednfimo pesaje, respecto de los tenedores, masculinos mayores de edad, se cumplieron recaudos legales por la formaci\u00f3n de la causa con intervenci\u00f3n de la justicia local<\/p>\n\n\n\n<figure class=\"wp-block-image size-large\"><img decoding=\"async\" width=\"896\" height=\"672\" data-attachment-id=\"83493\" data-permalink=\"https:\/\/eldiariodesanpedro.com.ar\/sitio\/detenido-por-orden-judicial-por-un-robo-ocurrido-dos-anos-atras\/125181184_2706432616290027_4216400184888765788_n\/\" data-orig-file=\"https:\/\/eldiariodesanpedro.com.ar\/sitio\/wp-content\/uploads\/2020\/11\/125181184_2706432616290027_4216400184888765788_n.jpg\" data-orig-size=\"896,672\" data-comments-opened=\"1\" data-image-meta=\"{&quot;aperture&quot;:&quot;0&quot;,&quot;credit&quot;:&quot;&quot;,&quot;camera&quot;:&quot;&quot;,&quot;caption&quot;:&quot;&quot;,&quot;created_timestamp&quot;:&quot;0&quot;,&quot;copyright&quot;:&quot;&quot;,&quot;focal_length&quot;:&quot;0&quot;,&quot;iso&quot;:&quot;0&quot;,&quot;shutter_speed&quot;:&quot;0&quot;,&quot;title&quot;:&quot;&quot;,&quot;orientation&quot;:&quot;0&quot;}\" data-image-title=\"125181184_2706432616290027_4216400184888765788_n\" data-image-description=\"\" data-image-caption=\"\" data-large-file=\"https:\/\/eldiariodesanpedro.com.ar\/sitio\/wp-content\/uploads\/2020\/11\/125181184_2706432616290027_4216400184888765788_n.jpg\" data-src=\"https:\/\/eldiariodesanpedro.com.ar\/sitio\/wp-content\/uploads\/2020\/11\/125181184_2706432616290027_4216400184888765788_n.jpg\" alt=\"\" class=\"wp-image-83493 lazyload\" data-srcset=\"https:\/\/eldiariodesanpedro.com.ar\/sitio\/wp-content\/uploads\/2020\/11\/125181184_2706432616290027_4216400184888765788_n.jpg 896w, https:\/\/eldiariodesanpedro.com.ar\/sitio\/wp-content\/uploads\/2020\/11\/125181184_2706432616290027_4216400184888765788_n-300x225.jpg 300w, https:\/\/eldiariodesanpedro.com.ar\/sitio\/wp-content\/uploads\/2020\/11\/125181184_2706432616290027_4216400184888765788_n-768x576.jpg 768w, https:\/\/eldiariodesanpedro.com.ar\/sitio\/wp-content\/uploads\/2020\/11\/125181184_2706432616290027_4216400184888765788_n-500x375.jpg 500w\" data-sizes=\"(max-width: 896px) 100vw, 896px\" src=\"data:image\/svg+xml;base64,PHN2ZyB3aWR0aD0iMSIgaGVpZ2h0PSIxIiB4bWxucz0iaHR0cDovL3d3dy53My5vcmcvMjAwMC9zdmciPjwvc3ZnPg==\" style=\"--smush-placeholder-width: 896px; --smush-placeholder-aspect-ratio: 896\/672;\" \/><\/figure>\n\n\n\n<figure class=\"wp-block-image size-large\"><img decoding=\"async\" width=\"896\" height=\"672\" data-attachment-id=\"83492\" data-permalink=\"https:\/\/eldiariodesanpedro.com.ar\/sitio\/detenido-por-orden-judicial-por-un-robo-ocurrido-dos-anos-atras\/124984729_393438781842287_8138562946985187126_n\/\" data-orig-file=\"https:\/\/eldiariodesanpedro.com.ar\/sitio\/wp-content\/uploads\/2020\/11\/124984729_393438781842287_8138562946985187126_n.jpg\" data-orig-size=\"896,672\" data-comments-opened=\"1\" data-image-meta=\"{&quot;aperture&quot;:&quot;0&quot;,&quot;credit&quot;:&quot;&quot;,&quot;camera&quot;:&quot;&quot;,&quot;caption&quot;:&quot;&quot;,&quot;created_timestamp&quot;:&quot;0&quot;,&quot;copyright&quot;:&quot;&quot;,&quot;focal_length&quot;:&quot;0&quot;,&quot;iso&quot;:&quot;0&quot;,&quot;shutter_speed&quot;:&quot;0&quot;,&quot;title&quot;:&quot;&quot;,&quot;orientation&quot;:&quot;0&quot;}\" data-image-title=\"124984729_393438781842287_8138562946985187126_n\" data-image-description=\"\" data-image-caption=\"\" data-large-file=\"https:\/\/eldiariodesanpedro.com.ar\/sitio\/wp-content\/uploads\/2020\/11\/124984729_393438781842287_8138562946985187126_n.jpg\" data-src=\"https:\/\/eldiariodesanpedro.com.ar\/sitio\/wp-content\/uploads\/2020\/11\/124984729_393438781842287_8138562946985187126_n.jpg\" alt=\"\" class=\"wp-image-83492 lazyload\" data-srcset=\"https:\/\/eldiariodesanpedro.com.ar\/sitio\/wp-content\/uploads\/2020\/11\/124984729_393438781842287_8138562946985187126_n.jpg 896w, https:\/\/eldiariodesanpedro.com.ar\/sitio\/wp-content\/uploads\/2020\/11\/124984729_393438781842287_8138562946985187126_n-300x225.jpg 300w, https:\/\/eldiariodesanpedro.com.ar\/sitio\/wp-content\/uploads\/2020\/11\/124984729_393438781842287_8138562946985187126_n-768x576.jpg 768w, https:\/\/eldiariodesanpedro.com.ar\/sitio\/wp-content\/uploads\/2020\/11\/124984729_393438781842287_8138562946985187126_n-500x375.jpg 500w\" data-sizes=\"(max-width: 896px) 100vw, 896px\" src=\"data:image\/svg+xml;base64,PHN2ZyB3aWR0aD0iMSIgaGVpZ2h0PSIxIiB4bWxucz0iaHR0cDovL3d3dy53My5vcmcvMjAwMC9zdmciPjwvc3ZnPg==\" style=\"--smush-placeholder-width: 896px; --smush-placeholder-aspect-ratio: 896\/672;\" \/><\/figure>\n\n\n\n<figure class=\"wp-block-image size-large\"><img decoding=\"async\" width=\"896\" height=\"672\" data-attachment-id=\"83491\" data-permalink=\"https:\/\/eldiariodesanpedro.com.ar\/sitio\/detenido-por-orden-judicial-por-un-robo-ocurrido-dos-anos-atras\/125494358_309761046694107_8780365570375657264_n\/\" data-orig-file=\"https:\/\/eldiariodesanpedro.com.ar\/sitio\/wp-content\/uploads\/2020\/11\/125494358_309761046694107_8780365570375657264_n.jpg\" data-orig-size=\"896,672\" data-comments-opened=\"1\" data-image-meta=\"{&quot;aperture&quot;:&quot;0&quot;,&quot;credit&quot;:&quot;&quot;,&quot;camera&quot;:&quot;&quot;,&quot;caption&quot;:&quot;&quot;,&quot;created_timestamp&quot;:&quot;0&quot;,&quot;copyright&quot;:&quot;&quot;,&quot;focal_length&quot;:&quot;0&quot;,&quot;iso&quot;:&quot;0&quot;,&quot;shutter_speed&quot;:&quot;0&quot;,&quot;title&quot;:&quot;&quot;,&quot;orientation&quot;:&quot;0&quot;}\" data-image-title=\"125494358_309761046694107_8780365570375657264_n\" data-image-description=\"\" data-image-caption=\"\" data-large-file=\"https:\/\/eldiariodesanpedro.com.ar\/sitio\/wp-content\/uploads\/2020\/11\/125494358_309761046694107_8780365570375657264_n.jpg\" data-src=\"https:\/\/eldiariodesanpedro.com.ar\/sitio\/wp-content\/uploads\/2020\/11\/125494358_309761046694107_8780365570375657264_n.jpg\" alt=\"\" class=\"wp-image-83491 lazyload\" data-srcset=\"https:\/\/eldiariodesanpedro.com.ar\/sitio\/wp-content\/uploads\/2020\/11\/125494358_309761046694107_8780365570375657264_n.jpg 896w, https:\/\/eldiariodesanpedro.com.ar\/sitio\/wp-content\/uploads\/2020\/11\/125494358_309761046694107_8780365570375657264_n-300x225.jpg 300w, https:\/\/eldiariodesanpedro.com.ar\/sitio\/wp-content\/uploads\/2020\/11\/125494358_309761046694107_8780365570375657264_n-768x576.jpg 768w, https:\/\/eldiariodesanpedro.com.ar\/sitio\/wp-content\/uploads\/2020\/11\/125494358_309761046694107_8780365570375657264_n-500x375.jpg 500w\" data-sizes=\"(max-width: 896px) 100vw, 896px\" src=\"data:image\/svg+xml;base64,PHN2ZyB3aWR0aD0iMSIgaGVpZ2h0PSIxIiB4bWxucz0iaHR0cDovL3d3dy53My5vcmcvMjAwMC9zdmciPjwvc3ZnPg==\" style=\"--smush-placeholder-width: 896px; --smush-placeholder-aspect-ratio: 896\/672;\" \/><\/figure>\n","protected":false},"excerpt":{"rendered":"<p>Durante el d\u00eda de ayer y madrugada de hoy, se realizaron\u00a0 4 procedimientos similares en el radio urbano de la ciudad, todos con resultado de secuestro de sustancia marihuana con un \u00ednfimo pesaje, respecto de los tenedores, masculinos mayores de edad, se cumplieron recaudos legales por la formaci\u00f3n de la causa con intervenci\u00f3n de la [&hellip;]<\/p>\n","protected":false},"author":4,"featured_media":83490,"comment_status":"open","ping_status":"closed","sticky":false,"template":"","format":"standard","meta":{"om_disable_all_campaigns":false,"_jetpack_memberships_contains_paid_content":false,"footnotes":""},"categories":[2,103],"tags":[197,33,95],"class_list":["post-83503","post","type-post","status-publish","format-standard","has-post-thumbnail","hentry","category-locales","category-policiales-locales","tag-buenos-aires","tag-locales","tag-policiales"],"aioseo_notices":[],"gutentor_comment":0,"jetpack_featured_media_url":"https:\/\/eldiariodesanpedro.com.ar\/sitio\/wp-content\/uploads\/2020\/11\/125332443_290107942257994_2002068181659468985_n.jpg","jetpack_shortlink":"https:\/\/wp.me\/p6RhLt-lIP","jetpack_sharing_enabled":true,"_links":{"self":[{"href":"https:\/\/eldiariodesanpedro.com.ar\/sitio\/wp-json\/wp\/v2\/posts\/83503","targetHints":{"allow":["GET"]}}],"collection":[{"href":"https:\/\/eldiariodesanpedro.com.ar\/sitio\/wp-json\/wp\/v2\/posts"}],"about":[{"href":"https:\/\/eldiariodesanpedro.com.ar\/sitio\/wp-json\/wp\/v2\/types\/post"}],"author":[{"embeddable":true,"href":"https:\/\/eldiariodesanpedro.com.ar\/sitio\/wp-json\/wp\/v2\/users\/4"}],"replies":[{"embeddable":true,"href":"https:\/\/eldiariodesanpedro.com.ar\/sitio\/wp-json\/wp\/v2\/comments?post=83503"}],"version-history":[{"count":1,"href":"https:\/\/eldiariodesanpedro.com.ar\/sitio\/wp-json\/wp\/v2\/posts\/83503\/revisions"}],"predecessor-version":[{"id":83504,"href":"https:\/\/eldiariodesanpedro.com.ar\/sitio\/wp-json\/wp\/v2\/posts\/83503\/revisions\/83504"}],"wp:featuredmedia":[{"embeddable":true,"href":"https:\/\/eldiariodesanpedro.com.ar\/sitio\/wp-json\/wp\/v2\/media\/83490"}],"wp:attachment":[{"href":"https:\/\/eldiariodesanpedro.com.ar\/sitio\/wp-json\/wp\/v2\/media?parent=83503"}],"wp:term":[{"taxonomy":"category","embeddable":true,"href":"https:\/\/eldiariodesanpedro.com.ar\/sitio\/wp-json\/wp\/v2\/categories?post=83503"},{"taxonomy":"post_tag","embeddable":true,"href":"https:\/\/eldiariodesanpedro.com.ar\/sitio\/wp-json\/wp\/v2\/tags?post=83503"}],"curies":[{"name":"wp","href":"https:\/\/api.w.org\/{rel}","templated":true}]}}