{"id":83500,"date":"2020-11-13T11:31:40","date_gmt":"2020-11-13T14:31:40","guid":{"rendered":"https:\/\/eldiariodesanpedro.com.ar\/sitio\/?p=83500"},"modified":"2020-11-13T11:31:44","modified_gmt":"2020-11-13T14:31:44","slug":"rio-tala-recuperan-motocicleta-robada-en-rapido-accionar","status":"publish","type":"post","link":"https:\/\/eldiariodesanpedro.com.ar\/sitio\/rio-tala-recuperan-motocicleta-robada-en-rapido-accionar\/","title":{"rendered":"Rio Tala: Recuperan motocicleta robada en r\u00e1pido accionar"},"content":{"rendered":"<!-- VideographyWP Plugin Message: Automatic video embedding prevented by plugin options. -->\n\n<p>El personal policial del destacamento de la vecina localidad de Rio Tala realiz\u00f3 el secuestro de una motocicleta que se hallaba tirada en la v\u00eda p\u00fablica.<\/p>\n\n\n\n<p>En la jornada de este jueves los efectivos realizaron el secuestro de una motocicleta abandonada en calle Lavalle al 20 tras el llamado de una persona de 32 a\u00f1os al 911 donde denuncian que le sustrajeron la misma momentos antes de un domicilio ubicado en calle San Mart\u00edn al 300.<\/p>\n\n\n\n<p>Al momento del arribo del movil dos menores de edad quienes ser\u00edan los delincuentes se dieron a la fuga.<\/p>\n\n\n\n<p>Se investiga con intervenci\u00f3n de la justicia de San Nicol\u00e1s. Al damnificado se le restituye su motocicleta\u00a0<\/p>\n\n\n\n<figure class=\"wp-block-image size-large\"><img decoding=\"async\" width=\"576\" height=\"1024\" data-attachment-id=\"83486\" data-permalink=\"https:\/\/eldiariodesanpedro.com.ar\/sitio\/detenido-por-orden-judicial-por-un-robo-ocurrido-dos-anos-atras\/125182157_378731643183352_4373032975320155134_n\/\" data-orig-file=\"https:\/\/eldiariodesanpedro.com.ar\/sitio\/wp-content\/uploads\/2020\/11\/125182157_378731643183352_4373032975320155134_n.jpg\" data-orig-size=\"720,1280\" data-comments-opened=\"1\" data-image-meta=\"{&quot;aperture&quot;:&quot;0&quot;,&quot;credit&quot;:&quot;&quot;,&quot;camera&quot;:&quot;&quot;,&quot;caption&quot;:&quot;&quot;,&quot;created_timestamp&quot;:&quot;0&quot;,&quot;copyright&quot;:&quot;&quot;,&quot;focal_length&quot;:&quot;0&quot;,&quot;iso&quot;:&quot;0&quot;,&quot;shutter_speed&quot;:&quot;0&quot;,&quot;title&quot;:&quot;&quot;,&quot;orientation&quot;:&quot;0&quot;}\" data-image-title=\"125182157_378731643183352_4373032975320155134_n\" data-image-description=\"\" data-image-caption=\"\" data-large-file=\"https:\/\/eldiariodesanpedro.com.ar\/sitio\/wp-content\/uploads\/2020\/11\/125182157_378731643183352_4373032975320155134_n-576x1024.jpg\" data-src=\"https:\/\/eldiariodesanpedro.com.ar\/sitio\/wp-content\/uploads\/2020\/11\/125182157_378731643183352_4373032975320155134_n-576x1024.jpg\" alt=\"\" class=\"wp-image-83486 lazyload\" data-srcset=\"https:\/\/eldiariodesanpedro.com.ar\/sitio\/wp-content\/uploads\/2020\/11\/125182157_378731643183352_4373032975320155134_n-576x1024.jpg 576w, https:\/\/eldiariodesanpedro.com.ar\/sitio\/wp-content\/uploads\/2020\/11\/125182157_378731643183352_4373032975320155134_n-169x300.jpg 169w, https:\/\/eldiariodesanpedro.com.ar\/sitio\/wp-content\/uploads\/2020\/11\/125182157_378731643183352_4373032975320155134_n.jpg 720w\" data-sizes=\"(max-width: 576px) 100vw, 576px\" src=\"data:image\/svg+xml;base64,PHN2ZyB3aWR0aD0iMSIgaGVpZ2h0PSIxIiB4bWxucz0iaHR0cDovL3d3dy53My5vcmcvMjAwMC9zdmciPjwvc3ZnPg==\" style=\"--smush-placeholder-width: 576px; --smush-placeholder-aspect-ratio: 576\/1024;\" \/><\/figure>\n","protected":false},"excerpt":{"rendered":"<p>El personal policial del destacamento de la vecina localidad de Rio Tala realiz\u00f3 el secuestro de una motocicleta que se hallaba tirada en la v\u00eda p\u00fablica. En la jornada de este jueves los efectivos realizaron el secuestro de una motocicleta abandonada en calle Lavalle al 20 tras el llamado de una persona de 32 a\u00f1os [&hellip;]<\/p>\n","protected":false},"author":4,"featured_media":83501,"comment_status":"open","ping_status":"closed","sticky":false,"template":"","format":"standard","meta":{"om_disable_all_campaigns":false,"_jetpack_memberships_contains_paid_content":false,"footnotes":""},"categories":[2,103],"tags":[197,33,95,1040],"class_list":["post-83500","post","type-post","status-publish","format-standard","has-post-thumbnail","hentry","category-locales","category-policiales-locales","tag-buenos-aires","tag-locales","tag-policiales","tag-san-pedro-buenos-aires"],"aioseo_notices":[],"gutentor_comment":0,"jetpack_featured_media_url":"https:\/\/eldiariodesanpedro.com.ar\/sitio\/wp-content\/uploads\/2020\/11\/Sin-titulo-1-8.jpg","jetpack_shortlink":"https:\/\/wp.me\/p6RhLt-lIM","jetpack_sharing_enabled":true,"_links":{"self":[{"href":"https:\/\/eldiariodesanpedro.com.ar\/sitio\/wp-json\/wp\/v2\/posts\/83500","targetHints":{"allow":["GET"]}}],"collection":[{"href":"https:\/\/eldiariodesanpedro.com.ar\/sitio\/wp-json\/wp\/v2\/posts"}],"about":[{"href":"https:\/\/eldiariodesanpedro.com.ar\/sitio\/wp-json\/wp\/v2\/types\/post"}],"author":[{"embeddable":true,"href":"https:\/\/eldiariodesanpedro.com.ar\/sitio\/wp-json\/wp\/v2\/users\/4"}],"replies":[{"embeddable":true,"href":"https:\/\/eldiariodesanpedro.com.ar\/sitio\/wp-json\/wp\/v2\/comments?post=83500"}],"version-history":[{"count":1,"href":"https:\/\/eldiariodesanpedro.com.ar\/sitio\/wp-json\/wp\/v2\/posts\/83500\/revisions"}],"predecessor-version":[{"id":83502,"href":"https:\/\/eldiariodesanpedro.com.ar\/sitio\/wp-json\/wp\/v2\/posts\/83500\/revisions\/83502"}],"wp:featuredmedia":[{"embeddable":true,"href":"https:\/\/eldiariodesanpedro.com.ar\/sitio\/wp-json\/wp\/v2\/media\/83501"}],"wp:attachment":[{"href":"https:\/\/eldiariodesanpedro.com.ar\/sitio\/wp-json\/wp\/v2\/media?parent=83500"}],"wp:term":[{"taxonomy":"category","embeddable":true,"href":"https:\/\/eldiariodesanpedro.com.ar\/sitio\/wp-json\/wp\/v2\/categories?post=83500"},{"taxonomy":"post_tag","embeddable":true,"href":"https:\/\/eldiariodesanpedro.com.ar\/sitio\/wp-json\/wp\/v2\/tags?post=83500"}],"curies":[{"name":"wp","href":"https:\/\/api.w.org\/{rel}","templated":true}]}}