{"id":83497,"date":"2020-11-13T11:20:20","date_gmt":"2020-11-13T14:20:20","guid":{"rendered":"https:\/\/eldiariodesanpedro.com.ar\/sitio\/?p=83497"},"modified":"2020-11-13T11:21:04","modified_gmt":"2020-11-13T14:21:04","slug":"ataco-a-piedrazos-a-un-patrullero-y-llevaba-un-machete-en-el-barrio-hermano-indio","status":"publish","type":"post","link":"https:\/\/eldiariodesanpedro.com.ar\/sitio\/ataco-a-piedrazos-a-un-patrullero-y-llevaba-un-machete-en-el-barrio-hermano-indio\/","title":{"rendered":"Atac\u00f3 a piedrazos a un patrullero y llevaba un machete, en el barrio Hermano Indio"},"content":{"rendered":"<!-- VideographyWP Plugin Message: Automatic video embedding prevented by plugin options. -->\n\n<p>Este jueves alrededor de las 11:40hs&nbsp; el personal policial en recorrida en Barrio Hermano Indio Pasillo sobre calle Benefactora Sampedrina, son sorprendidos por delincuente que arroj\u00f3 piedras sobre la unidad policial, caus\u00e1ndole da\u00f1os.&nbsp;<\/p>\n\n\n\n<p>Tras la agresi\u00f3n el delincuente intenta fugar siendo aprehendido a los pocos metros, secuestran un arma blanca tipo machete.&nbsp;<\/p>\n\n\n\n<p>El aprehendido de 21 a\u00f1os de edad, cuenta con antecedentes recientes en el mismo barrio. <\/p>\n\n\n\n<p>Tom\u00f3 intervenci\u00f3n la fiscal\u00eda local en turno, posteriormente el aprehendido recuper\u00f3 la libertad.<\/p>\n\n\n\n<figure class=\"wp-block-image size-large\"><img decoding=\"async\" width=\"960\" height=\"540\" data-attachment-id=\"83488\" data-permalink=\"https:\/\/eldiariodesanpedro.com.ar\/sitio\/detenido-por-orden-judicial-por-un-robo-ocurrido-dos-anos-atras\/124955832_424834392238382_7828342269361903610_n\/\" data-orig-file=\"https:\/\/eldiariodesanpedro.com.ar\/sitio\/wp-content\/uploads\/2020\/11\/124955832_424834392238382_7828342269361903610_n.jpg\" data-orig-size=\"960,540\" data-comments-opened=\"1\" data-image-meta=\"{&quot;aperture&quot;:&quot;0&quot;,&quot;credit&quot;:&quot;&quot;,&quot;camera&quot;:&quot;&quot;,&quot;caption&quot;:&quot;&quot;,&quot;created_timestamp&quot;:&quot;0&quot;,&quot;copyright&quot;:&quot;&quot;,&quot;focal_length&quot;:&quot;0&quot;,&quot;iso&quot;:&quot;0&quot;,&quot;shutter_speed&quot;:&quot;0&quot;,&quot;title&quot;:&quot;&quot;,&quot;orientation&quot;:&quot;0&quot;}\" data-image-title=\"124955832_424834392238382_7828342269361903610_n\" data-image-description=\"\" data-image-caption=\"\" data-large-file=\"https:\/\/eldiariodesanpedro.com.ar\/sitio\/wp-content\/uploads\/2020\/11\/124955832_424834392238382_7828342269361903610_n.jpg\" data-src=\"https:\/\/eldiariodesanpedro.com.ar\/sitio\/wp-content\/uploads\/2020\/11\/124955832_424834392238382_7828342269361903610_n.jpg\" alt=\"\" class=\"wp-image-83488 lazyload\" data-srcset=\"https:\/\/eldiariodesanpedro.com.ar\/sitio\/wp-content\/uploads\/2020\/11\/124955832_424834392238382_7828342269361903610_n.jpg 960w, https:\/\/eldiariodesanpedro.com.ar\/sitio\/wp-content\/uploads\/2020\/11\/124955832_424834392238382_7828342269361903610_n-300x169.jpg 300w, https:\/\/eldiariodesanpedro.com.ar\/sitio\/wp-content\/uploads\/2020\/11\/124955832_424834392238382_7828342269361903610_n-768x432.jpg 768w, https:\/\/eldiariodesanpedro.com.ar\/sitio\/wp-content\/uploads\/2020\/11\/124955832_424834392238382_7828342269361903610_n-800x450.jpg 800w\" data-sizes=\"(max-width: 960px) 100vw, 960px\" src=\"data:image\/svg+xml;base64,PHN2ZyB3aWR0aD0iMSIgaGVpZ2h0PSIxIiB4bWxucz0iaHR0cDovL3d3dy53My5vcmcvMjAwMC9zdmciPjwvc3ZnPg==\" style=\"--smush-placeholder-width: 960px; --smush-placeholder-aspect-ratio: 960\/540;\" \/><\/figure>\n","protected":false},"excerpt":{"rendered":"<p>Este jueves alrededor de las 11:40hs&nbsp; el personal policial en recorrida en Barrio Hermano Indio Pasillo sobre calle Benefactora Sampedrina, son sorprendidos por delincuente que arroj\u00f3 piedras sobre la unidad policial, caus\u00e1ndole da\u00f1os.&nbsp; Tras la agresi\u00f3n el delincuente intenta fugar siendo aprehendido a los pocos metros, secuestran un arma blanca tipo machete.&nbsp; El aprehendido de [&hellip;]<\/p>\n","protected":false},"author":4,"featured_media":83489,"comment_status":"open","ping_status":"closed","sticky":false,"template":"","format":"standard","meta":{"om_disable_all_campaigns":false,"_jetpack_memberships_contains_paid_content":false,"footnotes":""},"categories":[50,2,103],"tags":[197,33,95],"class_list":["post-83497","post","type-post","status-publish","format-standard","has-post-thumbnail","hentry","category-destacadas","category-locales","category-policiales-locales","tag-buenos-aires","tag-locales","tag-policiales"],"aioseo_notices":[],"gutentor_comment":0,"jetpack_featured_media_url":"https:\/\/eldiariodesanpedro.com.ar\/sitio\/wp-content\/uploads\/2020\/11\/125113691_660005237997227_6165687029592165569_n.jpg","jetpack_shortlink":"https:\/\/wp.me\/p6RhLt-lIJ","jetpack_sharing_enabled":true,"_links":{"self":[{"href":"https:\/\/eldiariodesanpedro.com.ar\/sitio\/wp-json\/wp\/v2\/posts\/83497","targetHints":{"allow":["GET"]}}],"collection":[{"href":"https:\/\/eldiariodesanpedro.com.ar\/sitio\/wp-json\/wp\/v2\/posts"}],"about":[{"href":"https:\/\/eldiariodesanpedro.com.ar\/sitio\/wp-json\/wp\/v2\/types\/post"}],"author":[{"embeddable":true,"href":"https:\/\/eldiariodesanpedro.com.ar\/sitio\/wp-json\/wp\/v2\/users\/4"}],"replies":[{"embeddable":true,"href":"https:\/\/eldiariodesanpedro.com.ar\/sitio\/wp-json\/wp\/v2\/comments?post=83497"}],"version-history":[{"count":2,"href":"https:\/\/eldiariodesanpedro.com.ar\/sitio\/wp-json\/wp\/v2\/posts\/83497\/revisions"}],"predecessor-version":[{"id":83499,"href":"https:\/\/eldiariodesanpedro.com.ar\/sitio\/wp-json\/wp\/v2\/posts\/83497\/revisions\/83499"}],"wp:featuredmedia":[{"embeddable":true,"href":"https:\/\/eldiariodesanpedro.com.ar\/sitio\/wp-json\/wp\/v2\/media\/83489"}],"wp:attachment":[{"href":"https:\/\/eldiariodesanpedro.com.ar\/sitio\/wp-json\/wp\/v2\/media?parent=83497"}],"wp:term":[{"taxonomy":"category","embeddable":true,"href":"https:\/\/eldiariodesanpedro.com.ar\/sitio\/wp-json\/wp\/v2\/categories?post=83497"},{"taxonomy":"post_tag","embeddable":true,"href":"https:\/\/eldiariodesanpedro.com.ar\/sitio\/wp-json\/wp\/v2\/tags?post=83497"}],"curies":[{"name":"wp","href":"https:\/\/api.w.org\/{rel}","templated":true}]}}