{"id":83485,"date":"2020-11-13T11:14:03","date_gmt":"2020-11-13T14:14:03","guid":{"rendered":"https:\/\/eldiariodesanpedro.com.ar\/sitio\/?p=83485"},"modified":"2020-11-13T11:14:06","modified_gmt":"2020-11-13T14:14:06","slug":"detenido-por-orden-judicial-por-un-robo-ocurrido-dos-anos-atras","status":"publish","type":"post","link":"https:\/\/eldiariodesanpedro.com.ar\/sitio\/detenido-por-orden-judicial-por-un-robo-ocurrido-dos-anos-atras\/","title":{"rendered":"Detenido por orden judicial por un robo ocurrido dos a\u00f1os atr\u00e1s"},"content":{"rendered":"<!-- VideographyWP Plugin Message: Automatic video embedding prevented by plugin options. -->\n\n<p>En la tarde de ayer el personal del Gabinete Criminol\u00f3gico de la Comisar\u00eda, procedi\u00f3 a la detenci\u00f3n y captura de un sujeto por orden judicial emanada por el Juzgado en lo correccional de San Nicol\u00e1s.&nbsp;<\/p>\n\n\n\n<p>El detenido resulta ser un delincuente masculino de 23 a\u00f1os de edad sobre quien pesa la captura por reiterados hechos en causas del a\u00f1o 2018 por \u201crobo\u201d y acumuladas en otros delitos posteriores contra la propiedad.&nbsp;<\/p>\n\n\n\n<p>Permanece alojado en sede policial hasta su remisi\u00f3n a unidad carcelaria.<\/p>\n\n\n\n<figure class=\"wp-block-image size-large\"><img decoding=\"async\" width=\"512\" height=\"910\" data-attachment-id=\"83487\" data-permalink=\"https:\/\/eldiariodesanpedro.com.ar\/sitio\/detenido-por-orden-judicial-por-un-robo-ocurrido-dos-anos-atras\/125035465_691271708491760_5731702726668313461_n\/\" data-orig-file=\"https:\/\/eldiariodesanpedro.com.ar\/sitio\/wp-content\/uploads\/2020\/11\/125035465_691271708491760_5731702726668313461_n.jpg\" data-orig-size=\"512,910\" data-comments-opened=\"1\" data-image-meta=\"{&quot;aperture&quot;:&quot;0&quot;,&quot;credit&quot;:&quot;&quot;,&quot;camera&quot;:&quot;&quot;,&quot;caption&quot;:&quot;&quot;,&quot;created_timestamp&quot;:&quot;0&quot;,&quot;copyright&quot;:&quot;&quot;,&quot;focal_length&quot;:&quot;0&quot;,&quot;iso&quot;:&quot;0&quot;,&quot;shutter_speed&quot;:&quot;0&quot;,&quot;title&quot;:&quot;&quot;,&quot;orientation&quot;:&quot;0&quot;}\" data-image-title=\"125035465_691271708491760_5731702726668313461_n\" data-image-description=\"\" data-image-caption=\"\" data-large-file=\"https:\/\/eldiariodesanpedro.com.ar\/sitio\/wp-content\/uploads\/2020\/11\/125035465_691271708491760_5731702726668313461_n.jpg\" data-src=\"https:\/\/eldiariodesanpedro.com.ar\/sitio\/wp-content\/uploads\/2020\/11\/125035465_691271708491760_5731702726668313461_n.jpg\" alt=\"\" class=\"wp-image-83487 lazyload\" data-srcset=\"https:\/\/eldiariodesanpedro.com.ar\/sitio\/wp-content\/uploads\/2020\/11\/125035465_691271708491760_5731702726668313461_n.jpg 512w, https:\/\/eldiariodesanpedro.com.ar\/sitio\/wp-content\/uploads\/2020\/11\/125035465_691271708491760_5731702726668313461_n-169x300.jpg 169w\" data-sizes=\"(max-width: 512px) 100vw, 512px\" src=\"data:image\/svg+xml;base64,PHN2ZyB3aWR0aD0iMSIgaGVpZ2h0PSIxIiB4bWxucz0iaHR0cDovL3d3dy53My5vcmcvMjAwMC9zdmciPjwvc3ZnPg==\" style=\"--smush-placeholder-width: 512px; --smush-placeholder-aspect-ratio: 512\/910;\" \/><\/figure>\n","protected":false},"excerpt":{"rendered":"<p>En la tarde de ayer el personal del Gabinete Criminol\u00f3gico de la Comisar\u00eda, procedi\u00f3 a la detenci\u00f3n y captura de un sujeto por orden judicial emanada por el Juzgado en lo correccional de San Nicol\u00e1s.&nbsp; El detenido resulta ser un delincuente masculino de 23 a\u00f1os de edad sobre quien pesa la captura por reiterados hechos [&hellip;]<\/p>\n","protected":false},"author":4,"featured_media":83495,"comment_status":"open","ping_status":"closed","sticky":false,"template":"","format":"standard","meta":{"om_disable_all_campaigns":false,"_jetpack_memberships_contains_paid_content":false,"footnotes":""},"categories":[50,2,103],"tags":[],"class_list":["post-83485","post","type-post","status-publish","format-standard","has-post-thumbnail","hentry","category-destacadas","category-locales","category-policiales-locales"],"aioseo_notices":[],"gutentor_comment":0,"jetpack_featured_media_url":"https:\/\/eldiariodesanpedro.com.ar\/sitio\/wp-content\/uploads\/2020\/11\/Sin-titulo-2-1.jpg","jetpack_shortlink":"https:\/\/wp.me\/p6RhLt-lIx","jetpack_sharing_enabled":true,"_links":{"self":[{"href":"https:\/\/eldiariodesanpedro.com.ar\/sitio\/wp-json\/wp\/v2\/posts\/83485","targetHints":{"allow":["GET"]}}],"collection":[{"href":"https:\/\/eldiariodesanpedro.com.ar\/sitio\/wp-json\/wp\/v2\/posts"}],"about":[{"href":"https:\/\/eldiariodesanpedro.com.ar\/sitio\/wp-json\/wp\/v2\/types\/post"}],"author":[{"embeddable":true,"href":"https:\/\/eldiariodesanpedro.com.ar\/sitio\/wp-json\/wp\/v2\/users\/4"}],"replies":[{"embeddable":true,"href":"https:\/\/eldiariodesanpedro.com.ar\/sitio\/wp-json\/wp\/v2\/comments?post=83485"}],"version-history":[{"count":1,"href":"https:\/\/eldiariodesanpedro.com.ar\/sitio\/wp-json\/wp\/v2\/posts\/83485\/revisions"}],"predecessor-version":[{"id":83496,"href":"https:\/\/eldiariodesanpedro.com.ar\/sitio\/wp-json\/wp\/v2\/posts\/83485\/revisions\/83496"}],"wp:featuredmedia":[{"embeddable":true,"href":"https:\/\/eldiariodesanpedro.com.ar\/sitio\/wp-json\/wp\/v2\/media\/83495"}],"wp:attachment":[{"href":"https:\/\/eldiariodesanpedro.com.ar\/sitio\/wp-json\/wp\/v2\/media?parent=83485"}],"wp:term":[{"taxonomy":"category","embeddable":true,"href":"https:\/\/eldiariodesanpedro.com.ar\/sitio\/wp-json\/wp\/v2\/categories?post=83485"},{"taxonomy":"post_tag","embeddable":true,"href":"https:\/\/eldiariodesanpedro.com.ar\/sitio\/wp-json\/wp\/v2\/tags?post=83485"}],"curies":[{"name":"wp","href":"https:\/\/api.w.org\/{rel}","templated":true}]}}