{"id":83482,"date":"2020-11-13T10:50:44","date_gmt":"2020-11-13T13:50:44","guid":{"rendered":"https:\/\/eldiariodesanpedro.com.ar\/sitio\/?p=83482"},"modified":"2020-11-13T10:50:45","modified_gmt":"2020-11-13T13:50:45","slug":"baradero-se-llevo-a-cabo-una-manifestacion-por-parte-de-trabajadores-de-la-nocturnidad","status":"publish","type":"post","link":"https:\/\/eldiariodesanpedro.com.ar\/sitio\/baradero-se-llevo-a-cabo-una-manifestacion-por-parte-de-trabajadores-de-la-nocturnidad\/","title":{"rendered":"BARADERO | Se llev\u00f3 a cabo una manifestaci\u00f3n por parte de trabajadores de la nocturnidad"},"content":{"rendered":"<!-- VideographyWP Plugin Message: Automatic video embedding prevented by plugin options. -->\n\n<p>El Secretario de Cultura, Turismo, Educaci\u00f3n y Deportes hablo luego de la reuni\u00f3n que se llevo a cabo en las escaleras de la municipalidad el d\u00eda mi\u00e9rcoles por la tarde.<\/p>\n\n\n\n<p>Se nuclearon trabajadores de \u00e1reas que aun no se han reactivado como la seguridad privada de las fiestas, m\u00fasicos, o encargados de catering.<\/p>\n\n\n\n<p>\u201cNosotros ven\u00edamos hablando por mensajes sobre esta reuni\u00f3n, donde la terminaron realizando en las escalinatas del municipio, mucha gente que tiene que ver con fiestas, cumplea\u00f1os y m\u00fasicos. Hace varios meses que ya no pudieron trabajar\u201d<\/p>\n\n\n\n<p>\u201cNos presentaron un protocolo muy serio y responsable. Realmente nos da muchas ganas de poder dar una apertura de esta forma ya que nos asegura mantener la prevenci\u00f3n\u201d<\/p>\n\n\n\n<p>\u201cSeguramente vamos a trabajar para que desde Baradero podamos sacarle provecho al turismo y todas las \u00e1reas que tienen que ver con eso\u201d.<\/p>\n\n\n\n<p>Fuente: <a href=\"https:\/\/tulineadirecta.com\/se-llevo-a-cabo-una-manifestacion-por-parte-de-trabajadores-de-la-nocturnidad\/\">Tu Linea Directa<\/a><\/p>\n","protected":false},"excerpt":{"rendered":"<p>El Secretario de Cultura, Turismo, Educaci\u00f3n y Deportes hablo luego de la reuni\u00f3n que se llevo a cabo en las escaleras de la municipalidad el d\u00eda mi\u00e9rcoles por la tarde. Se nuclearon trabajadores de \u00e1reas que aun no se han reactivado como la seguridad privada de las fiestas, m\u00fasicos, o encargados de catering. \u201cNosotros ven\u00edamos [&hellip;]<\/p>\n","protected":false},"author":4,"featured_media":83483,"comment_status":"open","ping_status":"closed","sticky":false,"template":"","format":"standard","meta":{"om_disable_all_campaigns":false,"_jetpack_memberships_contains_paid_content":false,"footnotes":""},"categories":[621],"tags":[139,197,681],"class_list":["post-83482","post","type-post","status-publish","format-standard","has-post-thumbnail","hentry","category-regionales","tag-baradero","tag-buenos-aires","tag-regionales"],"aioseo_notices":[],"gutentor_comment":0,"jetpack_featured_media_url":"https:\/\/eldiariodesanpedro.com.ar\/sitio\/wp-content\/uploads\/2020\/11\/manifestacion-escalinatas-municipio.jpg","jetpack_shortlink":"https:\/\/wp.me\/p6RhLt-lIu","jetpack_sharing_enabled":true,"_links":{"self":[{"href":"https:\/\/eldiariodesanpedro.com.ar\/sitio\/wp-json\/wp\/v2\/posts\/83482","targetHints":{"allow":["GET"]}}],"collection":[{"href":"https:\/\/eldiariodesanpedro.com.ar\/sitio\/wp-json\/wp\/v2\/posts"}],"about":[{"href":"https:\/\/eldiariodesanpedro.com.ar\/sitio\/wp-json\/wp\/v2\/types\/post"}],"author":[{"embeddable":true,"href":"https:\/\/eldiariodesanpedro.com.ar\/sitio\/wp-json\/wp\/v2\/users\/4"}],"replies":[{"embeddable":true,"href":"https:\/\/eldiariodesanpedro.com.ar\/sitio\/wp-json\/wp\/v2\/comments?post=83482"}],"version-history":[{"count":1,"href":"https:\/\/eldiariodesanpedro.com.ar\/sitio\/wp-json\/wp\/v2\/posts\/83482\/revisions"}],"predecessor-version":[{"id":83484,"href":"https:\/\/eldiariodesanpedro.com.ar\/sitio\/wp-json\/wp\/v2\/posts\/83482\/revisions\/83484"}],"wp:featuredmedia":[{"embeddable":true,"href":"https:\/\/eldiariodesanpedro.com.ar\/sitio\/wp-json\/wp\/v2\/media\/83483"}],"wp:attachment":[{"href":"https:\/\/eldiariodesanpedro.com.ar\/sitio\/wp-json\/wp\/v2\/media?parent=83482"}],"wp:term":[{"taxonomy":"category","embeddable":true,"href":"https:\/\/eldiariodesanpedro.com.ar\/sitio\/wp-json\/wp\/v2\/categories?post=83482"},{"taxonomy":"post_tag","embeddable":true,"href":"https:\/\/eldiariodesanpedro.com.ar\/sitio\/wp-json\/wp\/v2\/tags?post=83482"}],"curies":[{"name":"wp","href":"https:\/\/api.w.org\/{rel}","templated":true}]}}