{"id":83383,"date":"2020-11-11T12:47:38","date_gmt":"2020-11-11T15:47:38","guid":{"rendered":"https:\/\/eldiariodesanpedro.com.ar\/sitio\/?p=83383"},"modified":"2020-11-11T12:47:42","modified_gmt":"2020-11-11T15:47:42","slug":"cuarto-ciclo-cultural-de-la-soberania-organizado-por-el-museo-historico","status":"publish","type":"post","link":"https:\/\/eldiariodesanpedro.com.ar\/sitio\/cuarto-ciclo-cultural-de-la-soberania-organizado-por-el-museo-historico\/","title":{"rendered":"Cuarto Ciclo Cultural de la Soberan\u00eda organizado por el Museo Hist\u00f3rico"},"content":{"rendered":"<!-- VideographyWP Plugin Message: Automatic video embedding prevented by plugin options. -->\n\n<p>El Museo Historio invita a el lanzamiento del 4\u00b0 CICLO CULTURAL DE LA SOBERAN\u00cdA\u00a0 \u201cLa gesta de Obligado: una batalla por la libertad\u201d, que tendr\u00e1 lugar del 12 de noviembre al 3 de diciembre a trav\u00e9s de las plataformas digitales de comunicaci\u00f3n.<\/p>\n\n\n\n<p>Como en cada una de las anteriores ediciones, el Ciclo se propone generar espacios de reflexi\u00f3n participativa sobre los hechos que dieron lugar al D\u00eda la Soberan\u00eda Nacional.<\/p>\n\n\n\n<p>El cronograma previsto para este a\u00f1o expresa&nbsp; la mirada multicultural que caracteriza la iniciativa y reafirma la incorporaci\u00f3n de variados ejes tem\u00e1ticos que transitan con igual impulso la investigaci\u00f3n hist\u00f3rica, el abordaje educativo, la expresi\u00f3n art\u00edstica y la salvaguarda patrimonial.<\/p>\n\n\n\n<p>La actividad de APERTURA tendr\u00e1 lugar el pr\u00f3ximo JUEVES 12-11, a las 19 H, v\u00eda ZOOM, con la charla \u201c\u00bfLos colores de la Patria?\u201d &#8211; Una mirada hist\u00f3rica a los enfrentamientos entre federales y unitarios, liderados por Rosas y Lavalle, a cargo de Rosal\u00eda Lenguitti y Matilde Carreras, y con cierre musical de Eduardo \u201cEl Gaucho\u201d Polimante.<\/p>\n\n\n\n<p>Para unirse a la reuni\u00f3n ZOOM, en forma libre y gratuita, presione el siguiente enlace<\/p>\n\n\n\n<p><a href=\"https:\/\/us04web.zoom.us\/j\/5998790611?pwd=RFlKVUhjQlUvTzJ5NHFWUVBIR21KQT09\">https:\/\/us04web.zoom.us\/j\/5998790611?pwd=RFlKVUhjQlUvTzJ5NHFWUVBIR21KQT09<\/a><\/p>\n\n\n\n<p>O bien incorpore en la aplicaci\u00f3n los siguientes datos:<\/p>\n\n\n\n<p>ID de reuni\u00f3n: 599 879 0611<\/p>\n\n\n\n<p>C\u00f3digo de acceso: SANPEDRO<\/p>\n\n\n\n<figure class=\"wp-block-image size-large\"><img decoding=\"async\" width=\"664\" height=\"1024\" data-attachment-id=\"83385\" data-permalink=\"https:\/\/eldiariodesanpedro.com.ar\/sitio\/cuarto-ciclo-cultural-de-la-soberania-organizado-por-el-museo-historico\/programa-4-ciclo-cultural-de-la-soberania-1\/\" data-orig-file=\"https:\/\/eldiariodesanpedro.com.ar\/sitio\/wp-content\/uploads\/2020\/11\/Programa-4\u00b0-CICLO-CULTURAL-DE-LA-SOBERANIA-1.jpg\" data-orig-size=\"830,1280\" data-comments-opened=\"1\" data-image-meta=\"{&quot;aperture&quot;:&quot;0&quot;,&quot;credit&quot;:&quot;&quot;,&quot;camera&quot;:&quot;&quot;,&quot;caption&quot;:&quot;&quot;,&quot;created_timestamp&quot;:&quot;0&quot;,&quot;copyright&quot;:&quot;&quot;,&quot;focal_length&quot;:&quot;0&quot;,&quot;iso&quot;:&quot;0&quot;,&quot;shutter_speed&quot;:&quot;0&quot;,&quot;title&quot;:&quot;&quot;,&quot;orientation&quot;:&quot;0&quot;}\" data-image-title=\"Programa &amp;#8211; 4\u00b0 CICLO CULTURAL DE LA SOBERAN\u00cdA (1)\" data-image-description=\"\" data-image-caption=\"\" data-large-file=\"https:\/\/eldiariodesanpedro.com.ar\/sitio\/wp-content\/uploads\/2020\/11\/Programa-4\u00b0-CICLO-CULTURAL-DE-LA-SOBERANIA-1-664x1024.jpg\" data-src=\"https:\/\/eldiariodesanpedro.com.ar\/sitio\/wp-content\/uploads\/2020\/11\/Programa-4\u00b0-CICLO-CULTURAL-DE-LA-SOBERANIA-1-664x1024.jpg\" alt=\"\" class=\"wp-image-83385 lazyload\" data-srcset=\"https:\/\/eldiariodesanpedro.com.ar\/sitio\/wp-content\/uploads\/2020\/11\/Programa-4\u00b0-CICLO-CULTURAL-DE-LA-SOBERANIA-1-664x1024.jpg 664w, https:\/\/eldiariodesanpedro.com.ar\/sitio\/wp-content\/uploads\/2020\/11\/Programa-4\u00b0-CICLO-CULTURAL-DE-LA-SOBERANIA-1-195x300.jpg 195w, https:\/\/eldiariodesanpedro.com.ar\/sitio\/wp-content\/uploads\/2020\/11\/Programa-4\u00b0-CICLO-CULTURAL-DE-LA-SOBERANIA-1-768x1184.jpg 768w, https:\/\/eldiariodesanpedro.com.ar\/sitio\/wp-content\/uploads\/2020\/11\/Programa-4\u00b0-CICLO-CULTURAL-DE-LA-SOBERANIA-1.jpg 830w\" data-sizes=\"(max-width: 664px) 100vw, 664px\" src=\"data:image\/svg+xml;base64,PHN2ZyB3aWR0aD0iMSIgaGVpZ2h0PSIxIiB4bWxucz0iaHR0cDovL3d3dy53My5vcmcvMjAwMC9zdmciPjwvc3ZnPg==\" style=\"--smush-placeholder-width: 664px; --smush-placeholder-aspect-ratio: 664\/1024;\" \/><\/figure>\n","protected":false},"excerpt":{"rendered":"<p>El Museo Historio invita a el lanzamiento del 4\u00b0 CICLO CULTURAL DE LA SOBERAN\u00cdA\u00a0 \u201cLa gesta de Obligado: una batalla por la libertad\u201d, que tendr\u00e1 lugar del 12 de noviembre al 3 de diciembre a trav\u00e9s de las plataformas digitales de comunicaci\u00f3n. Como en cada una de las anteriores ediciones, el Ciclo se propone generar [&hellip;]<\/p>\n","protected":false},"author":4,"featured_media":83384,"comment_status":"open","ping_status":"closed","sticky":false,"template":"","format":"standard","meta":{"om_disable_all_campaigns":false,"_jetpack_memberships_contains_paid_content":false,"footnotes":""},"categories":[101,2],"tags":[],"class_list":["post-83383","post","type-post","status-publish","format-standard","has-post-thumbnail","hentry","category-interes-general-locales","category-locales"],"aioseo_notices":[],"gutentor_comment":0,"jetpack_featured_media_url":"https:\/\/eldiariodesanpedro.com.ar\/sitio\/wp-content\/uploads\/2020\/11\/Sin-titulo-1-5.jpg","jetpack_shortlink":"https:\/\/wp.me\/p6RhLt-lGT","jetpack_sharing_enabled":true,"_links":{"self":[{"href":"https:\/\/eldiariodesanpedro.com.ar\/sitio\/wp-json\/wp\/v2\/posts\/83383","targetHints":{"allow":["GET"]}}],"collection":[{"href":"https:\/\/eldiariodesanpedro.com.ar\/sitio\/wp-json\/wp\/v2\/posts"}],"about":[{"href":"https:\/\/eldiariodesanpedro.com.ar\/sitio\/wp-json\/wp\/v2\/types\/post"}],"author":[{"embeddable":true,"href":"https:\/\/eldiariodesanpedro.com.ar\/sitio\/wp-json\/wp\/v2\/users\/4"}],"replies":[{"embeddable":true,"href":"https:\/\/eldiariodesanpedro.com.ar\/sitio\/wp-json\/wp\/v2\/comments?post=83383"}],"version-history":[{"count":1,"href":"https:\/\/eldiariodesanpedro.com.ar\/sitio\/wp-json\/wp\/v2\/posts\/83383\/revisions"}],"predecessor-version":[{"id":83386,"href":"https:\/\/eldiariodesanpedro.com.ar\/sitio\/wp-json\/wp\/v2\/posts\/83383\/revisions\/83386"}],"wp:featuredmedia":[{"embeddable":true,"href":"https:\/\/eldiariodesanpedro.com.ar\/sitio\/wp-json\/wp\/v2\/media\/83384"}],"wp:attachment":[{"href":"https:\/\/eldiariodesanpedro.com.ar\/sitio\/wp-json\/wp\/v2\/media?parent=83383"}],"wp:term":[{"taxonomy":"category","embeddable":true,"href":"https:\/\/eldiariodesanpedro.com.ar\/sitio\/wp-json\/wp\/v2\/categories?post=83383"},{"taxonomy":"post_tag","embeddable":true,"href":"https:\/\/eldiariodesanpedro.com.ar\/sitio\/wp-json\/wp\/v2\/tags?post=83383"}],"curies":[{"name":"wp","href":"https:\/\/api.w.org\/{rel}","templated":true}]}}