{"id":83380,"date":"2020-11-11T12:35:30","date_gmt":"2020-11-11T15:35:30","guid":{"rendered":"https:\/\/eldiariodesanpedro.com.ar\/sitio\/?p=83380"},"modified":"2020-11-11T12:35:34","modified_gmt":"2020-11-11T15:35:34","slug":"de-a-poco-el-ara-irigoyen-retoma-su-lugar-gracias-al-trabajo-de-la-armada","status":"publish","type":"post","link":"https:\/\/eldiariodesanpedro.com.ar\/sitio\/de-a-poco-el-ara-irigoyen-retoma-su-lugar-gracias-al-trabajo-de-la-armada\/","title":{"rendered":"De a poco el Ara Irigoyen retoma su lugar gracias al trabajo de la Armada"},"content":{"rendered":"<!-- VideographyWP Plugin Message: Automatic video embedding prevented by plugin options. -->\n\n<p>Tras un trabajo arduo durante varias jornadas el Ara Irigoyen de a poco vuelve a su lugar por el trabajo realizado por el personal de la Armada Argentina.<\/p>\n\n\n\n<p>Desde el s\u00e1bado pasado se encontraban trabajando en el buque que tras el corte de una linga de acero causado por la escora del barco, debido a la presencia de l\u00edquidos dentro del buque y sumado a la gran bajante del r\u00edo.<\/p>\n\n\n\n<p>Tras un arduo trabajo realizado por Armada Argentina en conjunto con personal municipal, personal del Puerto San Pedro, carpinteros locales y buzos especializados logrando de a poco ganarle a agua.<\/p>\n\n\n\n<p>Utilizaron distintos elementos que trajeron de la base naval Puerto Belgrano y de Z\u00e1rate, con ayuda de Prefectura y el Consorcio del Puerto de San Pedro. Se extrajo agua y fluidos desde la sala de maquinas, se taparon agujeros por donde ingresaban los l\u00edquidos y se trabaja en mejorar los amarres. <\/p>\n\n\n\n<p>De a poco el buque museo va volviendo a su posici\u00f3n y los trabajos en la jornada de hoy ya se est\u00e1n encargando de las amarras para que vuelva a su posici\u00f3n original.<\/p>\n\n\n\n<p><\/p>\n","protected":false},"excerpt":{"rendered":"<p>Tras un trabajo arduo durante varias jornadas el Ara Irigoyen de a poco vuelve a su lugar por el trabajo realizado por el personal de la Armada Argentina. Desde el s\u00e1bado pasado se encontraban trabajando en el buque que tras el corte de una linga de acero causado por la escora del barco, debido a [&hellip;]<\/p>\n","protected":false},"author":4,"featured_media":83381,"comment_status":"open","ping_status":"closed","sticky":false,"template":"","format":"standard","meta":{"om_disable_all_campaigns":false,"_jetpack_memberships_contains_paid_content":false,"footnotes":""},"categories":[50,101,2],"tags":[197,696,33],"class_list":["post-83380","post","type-post","status-publish","format-standard","has-post-thumbnail","hentry","category-destacadas","category-interes-general-locales","category-locales","tag-buenos-aires","tag-interes-general","tag-locales"],"aioseo_notices":[],"gutentor_comment":0,"jetpack_featured_media_url":"https:\/\/eldiariodesanpedro.com.ar\/sitio\/wp-content\/uploads\/2020\/11\/ACOMDWZEJ5AOFAESVVDKYXLQBI-1.jpeg","jetpack_shortlink":"https:\/\/wp.me\/p6RhLt-lGQ","jetpack_sharing_enabled":true,"_links":{"self":[{"href":"https:\/\/eldiariodesanpedro.com.ar\/sitio\/wp-json\/wp\/v2\/posts\/83380","targetHints":{"allow":["GET"]}}],"collection":[{"href":"https:\/\/eldiariodesanpedro.com.ar\/sitio\/wp-json\/wp\/v2\/posts"}],"about":[{"href":"https:\/\/eldiariodesanpedro.com.ar\/sitio\/wp-json\/wp\/v2\/types\/post"}],"author":[{"embeddable":true,"href":"https:\/\/eldiariodesanpedro.com.ar\/sitio\/wp-json\/wp\/v2\/users\/4"}],"replies":[{"embeddable":true,"href":"https:\/\/eldiariodesanpedro.com.ar\/sitio\/wp-json\/wp\/v2\/comments?post=83380"}],"version-history":[{"count":1,"href":"https:\/\/eldiariodesanpedro.com.ar\/sitio\/wp-json\/wp\/v2\/posts\/83380\/revisions"}],"predecessor-version":[{"id":83382,"href":"https:\/\/eldiariodesanpedro.com.ar\/sitio\/wp-json\/wp\/v2\/posts\/83380\/revisions\/83382"}],"wp:featuredmedia":[{"embeddable":true,"href":"https:\/\/eldiariodesanpedro.com.ar\/sitio\/wp-json\/wp\/v2\/media\/83381"}],"wp:attachment":[{"href":"https:\/\/eldiariodesanpedro.com.ar\/sitio\/wp-json\/wp\/v2\/media?parent=83380"}],"wp:term":[{"taxonomy":"category","embeddable":true,"href":"https:\/\/eldiariodesanpedro.com.ar\/sitio\/wp-json\/wp\/v2\/categories?post=83380"},{"taxonomy":"post_tag","embeddable":true,"href":"https:\/\/eldiariodesanpedro.com.ar\/sitio\/wp-json\/wp\/v2\/tags?post=83380"}],"curies":[{"name":"wp","href":"https:\/\/api.w.org\/{rel}","templated":true}]}}