{"id":83377,"date":"2020-11-11T11:13:27","date_gmt":"2020-11-11T14:13:27","guid":{"rendered":"https:\/\/eldiariodesanpedro.com.ar\/sitio\/?p=83377"},"modified":"2020-11-11T11:13:31","modified_gmt":"2020-11-11T14:13:31","slug":"policia-vial-aprehendio-a-un-sujeto-que-llevaba-marihuana","status":"publish","type":"post","link":"https:\/\/eldiariodesanpedro.com.ar\/sitio\/policia-vial-aprehendio-a-un-sujeto-que-llevaba-marihuana\/","title":{"rendered":"Polic\u00eda vial aprehendi\u00f3 a un sujeto que llevaba marihuana"},"content":{"rendered":"<!-- VideographyWP Plugin Message: Automatic video embedding prevented by plugin options. -->\n\n<p>Este mi\u00e9rcoles alrededor de las 8 hs la polic\u00eda vial de nuestra ciudad a cargo del oficial Diego Guzman realiz\u00f3 la aprehensi\u00f3n de un ciudadano quien portaba marihuana.<\/p>\n\n\n\n<p>En cumplimiento de orden de servicio, polic\u00eda vial intercepta sobre Ruta 9 km 153, rodado marca Ford Ranger color gris conducido por un masculino mayor de edad&nbsp; oriundo de la provincia de&nbsp; Santa Fe, quien se dirig\u00eda&nbsp; a Buenos Aires, donde se le incauta en presencia de testigo h\u00e1bil en el interior del rodado un envoltorio de nylon transparente tipo ziploc con sustancia vegetal verdosa (cogollo) que al realizar test orientaci\u00f3n da positivo para&nbsp; marihuana con un pesaje total de 13 grms.&nbsp;<\/p>\n\n\n\n<p>Consultado a UFI N\u00b0 7 a cargo de la doctora Del Valle Viviani, dispuso actuaciones de rigor y posterior libertad.<\/p>\n\n\n\n<figure class=\"wp-block-image size-large\"><img decoding=\"async\" width=\"540\" height=\"1024\" data-attachment-id=\"83363\" data-permalink=\"https:\/\/eldiariodesanpedro.com.ar\/sitio\/detencion-de-un-sujeto-acusado-de-robo-agravado-seguido-de-tentativa-de-homicidio\/125016532_4888902737788368_5412864038471099797_n\/\" data-orig-file=\"https:\/\/eldiariodesanpedro.com.ar\/sitio\/wp-content\/uploads\/2020\/11\/125016532_4888902737788368_5412864038471099797_n.jpg\" data-orig-size=\"635,1204\" data-comments-opened=\"1\" data-image-meta=\"{&quot;aperture&quot;:&quot;0&quot;,&quot;credit&quot;:&quot;&quot;,&quot;camera&quot;:&quot;&quot;,&quot;caption&quot;:&quot;&quot;,&quot;created_timestamp&quot;:&quot;0&quot;,&quot;copyright&quot;:&quot;&quot;,&quot;focal_length&quot;:&quot;0&quot;,&quot;iso&quot;:&quot;0&quot;,&quot;shutter_speed&quot;:&quot;0&quot;,&quot;title&quot;:&quot;&quot;,&quot;orientation&quot;:&quot;0&quot;}\" data-image-title=\"125016532_4888902737788368_5412864038471099797_n\" data-image-description=\"\" data-image-caption=\"\" data-large-file=\"https:\/\/eldiariodesanpedro.com.ar\/sitio\/wp-content\/uploads\/2020\/11\/125016532_4888902737788368_5412864038471099797_n-540x1024.jpg\" data-src=\"https:\/\/eldiariodesanpedro.com.ar\/sitio\/wp-content\/uploads\/2020\/11\/125016532_4888902737788368_5412864038471099797_n-540x1024.jpg\" alt=\"\" class=\"wp-image-83363 lazyload\" data-srcset=\"https:\/\/eldiariodesanpedro.com.ar\/sitio\/wp-content\/uploads\/2020\/11\/125016532_4888902737788368_5412864038471099797_n-540x1024.jpg 540w, https:\/\/eldiariodesanpedro.com.ar\/sitio\/wp-content\/uploads\/2020\/11\/125016532_4888902737788368_5412864038471099797_n-158x300.jpg 158w, https:\/\/eldiariodesanpedro.com.ar\/sitio\/wp-content\/uploads\/2020\/11\/125016532_4888902737788368_5412864038471099797_n.jpg 635w\" data-sizes=\"(max-width: 540px) 100vw, 540px\" src=\"data:image\/svg+xml;base64,PHN2ZyB3aWR0aD0iMSIgaGVpZ2h0PSIxIiB4bWxucz0iaHR0cDovL3d3dy53My5vcmcvMjAwMC9zdmciPjwvc3ZnPg==\" style=\"--smush-placeholder-width: 540px; --smush-placeholder-aspect-ratio: 540\/1024;\" \/><\/figure>\n\n\n\n<p><\/p>\n","protected":false},"excerpt":{"rendered":"<p>Este mi\u00e9rcoles alrededor de las 8 hs la polic\u00eda vial de nuestra ciudad a cargo del oficial Diego Guzman realiz\u00f3 la aprehensi\u00f3n de un ciudadano quien portaba marihuana. En cumplimiento de orden de servicio, polic\u00eda vial intercepta sobre Ruta 9 km 153, rodado marca Ford Ranger color gris conducido por un masculino mayor de edad&nbsp; [&hellip;]<\/p>\n","protected":false},"author":4,"featured_media":83378,"comment_status":"open","ping_status":"closed","sticky":false,"template":"","format":"standard","meta":{"om_disable_all_campaigns":false,"_jetpack_memberships_contains_paid_content":false,"footnotes":""},"categories":[2,103],"tags":[197,33,95,19],"class_list":["post-83377","post","type-post","status-publish","format-standard","has-post-thumbnail","hentry","category-locales","category-policiales-locales","tag-buenos-aires","tag-locales","tag-policiales","tag-san-pedro"],"aioseo_notices":[],"gutentor_comment":0,"jetpack_featured_media_url":"https:\/\/eldiariodesanpedro.com.ar\/sitio\/wp-content\/uploads\/2020\/11\/124634438_375099927243392_4745071024995335892_n-1-rotated.jpg","jetpack_shortlink":"https:\/\/wp.me\/p6RhLt-lGN","jetpack_sharing_enabled":true,"_links":{"self":[{"href":"https:\/\/eldiariodesanpedro.com.ar\/sitio\/wp-json\/wp\/v2\/posts\/83377","targetHints":{"allow":["GET"]}}],"collection":[{"href":"https:\/\/eldiariodesanpedro.com.ar\/sitio\/wp-json\/wp\/v2\/posts"}],"about":[{"href":"https:\/\/eldiariodesanpedro.com.ar\/sitio\/wp-json\/wp\/v2\/types\/post"}],"author":[{"embeddable":true,"href":"https:\/\/eldiariodesanpedro.com.ar\/sitio\/wp-json\/wp\/v2\/users\/4"}],"replies":[{"embeddable":true,"href":"https:\/\/eldiariodesanpedro.com.ar\/sitio\/wp-json\/wp\/v2\/comments?post=83377"}],"version-history":[{"count":1,"href":"https:\/\/eldiariodesanpedro.com.ar\/sitio\/wp-json\/wp\/v2\/posts\/83377\/revisions"}],"predecessor-version":[{"id":83379,"href":"https:\/\/eldiariodesanpedro.com.ar\/sitio\/wp-json\/wp\/v2\/posts\/83377\/revisions\/83379"}],"wp:featuredmedia":[{"embeddable":true,"href":"https:\/\/eldiariodesanpedro.com.ar\/sitio\/wp-json\/wp\/v2\/media\/83378"}],"wp:attachment":[{"href":"https:\/\/eldiariodesanpedro.com.ar\/sitio\/wp-json\/wp\/v2\/media?parent=83377"}],"wp:term":[{"taxonomy":"category","embeddable":true,"href":"https:\/\/eldiariodesanpedro.com.ar\/sitio\/wp-json\/wp\/v2\/categories?post=83377"},{"taxonomy":"post_tag","embeddable":true,"href":"https:\/\/eldiariodesanpedro.com.ar\/sitio\/wp-json\/wp\/v2\/tags?post=83377"}],"curies":[{"name":"wp","href":"https:\/\/api.w.org\/{rel}","templated":true}]}}