{"id":83340,"date":"2020-11-10T10:38:23","date_gmt":"2020-11-10T13:38:23","guid":{"rendered":"https:\/\/eldiariodesanpedro.com.ar\/sitio\/?p=83340"},"modified":"2020-11-10T10:38:26","modified_gmt":"2020-11-10T13:38:26","slug":"un-joven-lesionado-en-accidente-de-transito-entre-moto-y-camioneta","status":"publish","type":"post","link":"https:\/\/eldiariodesanpedro.com.ar\/sitio\/un-joven-lesionado-en-accidente-de-transito-entre-moto-y-camioneta\/","title":{"rendered":"Un joven lesionado en accidente de transito entre moto y camioneta"},"content":{"rendered":"<!-- VideographyWP Plugin Message: Automatic video embedding prevented by plugin options. -->\n\n<p>En la tarde de ayer lunes se produjo un accidente de tr\u00e1nsito donde un joven result\u00f3 herido tras impactar contra una camioneta.<\/p>\n\n\n\n<p>Este lunes promediando las 17 horas por motivos laborales se trata de establecer en calle Manuel Iglesias y Nieto de Torres , se produce colisi\u00f3n entre motocicleta alta cilindrada conducida por masculino 20 a\u00f1os, que era acompa\u00f1ado por otro masculino, y una camioneta conducida por ciudadano de 39 a\u00f1os acompa\u00f1ado por otro de 38 a\u00f1os.&nbsp;<\/p>\n\n\n\n<p>Conductor de la motocicleta fue trasladado al nosocomio por el servicio del SAME sonde se determin\u00f3 que presentaba politraumatismos, las dem\u00e1s personas resultaron ilesas.<\/p>\n\n\n\n<p>En el lugar se realizaron pericias por parte de la polic\u00eda cient\u00edfica. y tom\u00f3 intervenci\u00f3n la fiscal\u00eda en turno local.<\/p>\n\n\n\n<figure class=\"wp-block-image size-large\"><img decoding=\"async\" width=\"768\" height=\"1024\" data-attachment-id=\"83342\" data-permalink=\"https:\/\/eldiariodesanpedro.com.ar\/sitio\/un-joven-lesionado-en-accidente-de-transito-entre-moto-y-camioneta\/img-20201110-wa0010\/\" data-orig-file=\"https:\/\/eldiariodesanpedro.com.ar\/sitio\/wp-content\/uploads\/2020\/11\/IMG-20201110-WA0010.jpg\" data-orig-size=\"768,1024\" data-comments-opened=\"1\" data-image-meta=\"{&quot;aperture&quot;:&quot;0&quot;,&quot;credit&quot;:&quot;&quot;,&quot;camera&quot;:&quot;&quot;,&quot;caption&quot;:&quot;&quot;,&quot;created_timestamp&quot;:&quot;0&quot;,&quot;copyright&quot;:&quot;&quot;,&quot;focal_length&quot;:&quot;0&quot;,&quot;iso&quot;:&quot;0&quot;,&quot;shutter_speed&quot;:&quot;0&quot;,&quot;title&quot;:&quot;&quot;,&quot;orientation&quot;:&quot;0&quot;}\" data-image-title=\"IMG-20201110-WA0010\" data-image-description=\"\" data-image-caption=\"\" data-large-file=\"https:\/\/eldiariodesanpedro.com.ar\/sitio\/wp-content\/uploads\/2020\/11\/IMG-20201110-WA0010.jpg\" data-src=\"https:\/\/eldiariodesanpedro.com.ar\/sitio\/wp-content\/uploads\/2020\/11\/IMG-20201110-WA0010.jpg\" alt=\"\" class=\"wp-image-83342 lazyload\" data-srcset=\"https:\/\/eldiariodesanpedro.com.ar\/sitio\/wp-content\/uploads\/2020\/11\/IMG-20201110-WA0010.jpg 768w, https:\/\/eldiariodesanpedro.com.ar\/sitio\/wp-content\/uploads\/2020\/11\/IMG-20201110-WA0010-225x300.jpg 225w\" data-sizes=\"(max-width: 768px) 100vw, 768px\" src=\"data:image\/svg+xml;base64,PHN2ZyB3aWR0aD0iMSIgaGVpZ2h0PSIxIiB4bWxucz0iaHR0cDovL3d3dy53My5vcmcvMjAwMC9zdmciPjwvc3ZnPg==\" style=\"--smush-placeholder-width: 768px; --smush-placeholder-aspect-ratio: 768\/1024;\" \/><\/figure>\n\n\n\n<figure class=\"wp-block-image size-large\"><img decoding=\"async\" width=\"768\" height=\"1024\" data-attachment-id=\"83342\" data-permalink=\"https:\/\/eldiariodesanpedro.com.ar\/sitio\/un-joven-lesionado-en-accidente-de-transito-entre-moto-y-camioneta\/img-20201110-wa0010\/\" data-orig-file=\"https:\/\/eldiariodesanpedro.com.ar\/sitio\/wp-content\/uploads\/2020\/11\/IMG-20201110-WA0010.jpg\" data-orig-size=\"768,1024\" data-comments-opened=\"1\" data-image-meta=\"{&quot;aperture&quot;:&quot;0&quot;,&quot;credit&quot;:&quot;&quot;,&quot;camera&quot;:&quot;&quot;,&quot;caption&quot;:&quot;&quot;,&quot;created_timestamp&quot;:&quot;0&quot;,&quot;copyright&quot;:&quot;&quot;,&quot;focal_length&quot;:&quot;0&quot;,&quot;iso&quot;:&quot;0&quot;,&quot;shutter_speed&quot;:&quot;0&quot;,&quot;title&quot;:&quot;&quot;,&quot;orientation&quot;:&quot;0&quot;}\" data-image-title=\"IMG-20201110-WA0010\" data-image-description=\"\" data-image-caption=\"\" data-large-file=\"https:\/\/eldiariodesanpedro.com.ar\/sitio\/wp-content\/uploads\/2020\/11\/IMG-20201110-WA0010.jpg\" data-src=\"https:\/\/eldiariodesanpedro.com.ar\/sitio\/wp-content\/uploads\/2020\/11\/IMG-20201110-WA0010.jpg\" alt=\"\" class=\"wp-image-83342 lazyload\" data-srcset=\"https:\/\/eldiariodesanpedro.com.ar\/sitio\/wp-content\/uploads\/2020\/11\/IMG-20201110-WA0010.jpg 768w, https:\/\/eldiariodesanpedro.com.ar\/sitio\/wp-content\/uploads\/2020\/11\/IMG-20201110-WA0010-225x300.jpg 225w\" data-sizes=\"(max-width: 768px) 100vw, 768px\" src=\"data:image\/svg+xml;base64,PHN2ZyB3aWR0aD0iMSIgaGVpZ2h0PSIxIiB4bWxucz0iaHR0cDovL3d3dy53My5vcmcvMjAwMC9zdmciPjwvc3ZnPg==\" style=\"--smush-placeholder-width: 768px; --smush-placeholder-aspect-ratio: 768\/1024;\" \/><\/figure>\n","protected":false},"excerpt":{"rendered":"<p>En la tarde de ayer lunes se produjo un accidente de tr\u00e1nsito donde un joven result\u00f3 herido tras impactar contra una camioneta. Este lunes promediando las 17 horas por motivos laborales se trata de establecer en calle Manuel Iglesias y Nieto de Torres , se produce colisi\u00f3n entre motocicleta alta cilindrada conducida por masculino 20 [&hellip;]<\/p>\n","protected":false},"author":4,"featured_media":83341,"comment_status":"open","ping_status":"closed","sticky":false,"template":"","format":"standard","meta":{"om_disable_all_campaigns":false,"_jetpack_memberships_contains_paid_content":false,"footnotes":""},"categories":[2,103],"tags":[24,197,33,95,19],"class_list":["post-83340","post","type-post","status-publish","format-standard","has-post-thumbnail","hentry","category-locales","category-policiales-locales","tag-accidente","tag-buenos-aires","tag-locales","tag-policiales","tag-san-pedro"],"aioseo_notices":[],"gutentor_comment":0,"jetpack_featured_media_url":"https:\/\/eldiariodesanpedro.com.ar\/sitio\/wp-content\/uploads\/2020\/11\/Sin-titulo-1-4.jpg","jetpack_shortlink":"https:\/\/wp.me\/p6RhLt-lGc","jetpack_sharing_enabled":true,"_links":{"self":[{"href":"https:\/\/eldiariodesanpedro.com.ar\/sitio\/wp-json\/wp\/v2\/posts\/83340","targetHints":{"allow":["GET"]}}],"collection":[{"href":"https:\/\/eldiariodesanpedro.com.ar\/sitio\/wp-json\/wp\/v2\/posts"}],"about":[{"href":"https:\/\/eldiariodesanpedro.com.ar\/sitio\/wp-json\/wp\/v2\/types\/post"}],"author":[{"embeddable":true,"href":"https:\/\/eldiariodesanpedro.com.ar\/sitio\/wp-json\/wp\/v2\/users\/4"}],"replies":[{"embeddable":true,"href":"https:\/\/eldiariodesanpedro.com.ar\/sitio\/wp-json\/wp\/v2\/comments?post=83340"}],"version-history":[{"count":1,"href":"https:\/\/eldiariodesanpedro.com.ar\/sitio\/wp-json\/wp\/v2\/posts\/83340\/revisions"}],"predecessor-version":[{"id":83344,"href":"https:\/\/eldiariodesanpedro.com.ar\/sitio\/wp-json\/wp\/v2\/posts\/83340\/revisions\/83344"}],"wp:featuredmedia":[{"embeddable":true,"href":"https:\/\/eldiariodesanpedro.com.ar\/sitio\/wp-json\/wp\/v2\/media\/83341"}],"wp:attachment":[{"href":"https:\/\/eldiariodesanpedro.com.ar\/sitio\/wp-json\/wp\/v2\/media?parent=83340"}],"wp:term":[{"taxonomy":"category","embeddable":true,"href":"https:\/\/eldiariodesanpedro.com.ar\/sitio\/wp-json\/wp\/v2\/categories?post=83340"},{"taxonomy":"post_tag","embeddable":true,"href":"https:\/\/eldiariodesanpedro.com.ar\/sitio\/wp-json\/wp\/v2\/tags?post=83340"}],"curies":[{"name":"wp","href":"https:\/\/api.w.org\/{rel}","templated":true}]}}