{"id":83337,"date":"2020-11-10T10:30:12","date_gmt":"2020-11-10T13:30:12","guid":{"rendered":"https:\/\/eldiariodesanpedro.com.ar\/sitio\/?p=83337"},"modified":"2020-11-10T10:30:17","modified_gmt":"2020-11-10T13:30:17","slug":"dos-aprehendido-por-tenencia-de-estupefacientes","status":"publish","type":"post","link":"https:\/\/eldiariodesanpedro.com.ar\/sitio\/dos-aprehendido-por-tenencia-de-estupefacientes\/","title":{"rendered":"Dos aprehendido por tenencia de estupefacientes"},"content":{"rendered":"<!-- VideographyWP Plugin Message: Automatic video embedding prevented by plugin options. -->\n\n<p>Ayer lunes hubo dos procedimientos similares en el radio urbano, habi\u00e9ndose trasladado a dos masculinos mayores de edad, a quienes se les secuestr\u00f3 en su poder marihuana \u00ednfimo pesaje. <\/p>\n\n\n\n<p>Tom\u00f3 intervenci\u00f3n la fiscal\u00eda local en turno.\u00a0<\/p>\n","protected":false},"excerpt":{"rendered":"<p>Ayer lunes hubo dos procedimientos similares en el radio urbano, habi\u00e9ndose trasladado a dos masculinos mayores de edad, a quienes se les secuestr\u00f3 en su poder marihuana \u00ednfimo pesaje. Tom\u00f3 intervenci\u00f3n la fiscal\u00eda local en turno.\u00a0<\/p>\n","protected":false},"author":4,"featured_media":83338,"comment_status":"open","ping_status":"closed","sticky":false,"template":"","format":"standard","meta":{"om_disable_all_campaigns":false,"_jetpack_memberships_contains_paid_content":false,"footnotes":""},"categories":[2,103],"tags":[197,696,33,95],"class_list":["post-83337","post","type-post","status-publish","format-standard","has-post-thumbnail","hentry","category-locales","category-policiales-locales","tag-buenos-aires","tag-interes-general","tag-locales","tag-policiales"],"aioseo_notices":[],"gutentor_comment":0,"jetpack_featured_media_url":"https:\/\/eldiariodesanpedro.com.ar\/sitio\/wp-content\/uploads\/2020\/11\/IMG-20201110-WA0006.jpg","jetpack_shortlink":"https:\/\/wp.me\/p6RhLt-lG9","jetpack_sharing_enabled":true,"_links":{"self":[{"href":"https:\/\/eldiariodesanpedro.com.ar\/sitio\/wp-json\/wp\/v2\/posts\/83337","targetHints":{"allow":["GET"]}}],"collection":[{"href":"https:\/\/eldiariodesanpedro.com.ar\/sitio\/wp-json\/wp\/v2\/posts"}],"about":[{"href":"https:\/\/eldiariodesanpedro.com.ar\/sitio\/wp-json\/wp\/v2\/types\/post"}],"author":[{"embeddable":true,"href":"https:\/\/eldiariodesanpedro.com.ar\/sitio\/wp-json\/wp\/v2\/users\/4"}],"replies":[{"embeddable":true,"href":"https:\/\/eldiariodesanpedro.com.ar\/sitio\/wp-json\/wp\/v2\/comments?post=83337"}],"version-history":[{"count":1,"href":"https:\/\/eldiariodesanpedro.com.ar\/sitio\/wp-json\/wp\/v2\/posts\/83337\/revisions"}],"predecessor-version":[{"id":83339,"href":"https:\/\/eldiariodesanpedro.com.ar\/sitio\/wp-json\/wp\/v2\/posts\/83337\/revisions\/83339"}],"wp:featuredmedia":[{"embeddable":true,"href":"https:\/\/eldiariodesanpedro.com.ar\/sitio\/wp-json\/wp\/v2\/media\/83338"}],"wp:attachment":[{"href":"https:\/\/eldiariodesanpedro.com.ar\/sitio\/wp-json\/wp\/v2\/media?parent=83337"}],"wp:term":[{"taxonomy":"category","embeddable":true,"href":"https:\/\/eldiariodesanpedro.com.ar\/sitio\/wp-json\/wp\/v2\/categories?post=83337"},{"taxonomy":"post_tag","embeddable":true,"href":"https:\/\/eldiariodesanpedro.com.ar\/sitio\/wp-json\/wp\/v2\/tags?post=83337"}],"curies":[{"name":"wp","href":"https:\/\/api.w.org\/{rel}","templated":true}]}}