{"id":83332,"date":"2020-11-10T10:25:47","date_gmt":"2020-11-10T13:25:47","guid":{"rendered":"https:\/\/eldiariodesanpedro.com.ar\/sitio\/?p=83332"},"modified":"2020-11-10T10:25:48","modified_gmt":"2020-11-10T13:25:48","slug":"estaba-tomando-unas-copas-con-un-amigo-y-por-una-discusion-lo-apunalo-tres-veces","status":"publish","type":"post","link":"https:\/\/eldiariodesanpedro.com.ar\/sitio\/estaba-tomando-unas-copas-con-un-amigo-y-por-una-discusion-lo-apunalo-tres-veces\/","title":{"rendered":"Estaba tomando unas copas con un amigo y por una discusi\u00f3n lo apu\u00f1alo tres veces"},"content":{"rendered":"<!-- VideographyWP Plugin Message: Automatic video embedding prevented by plugin options. -->\n\n<p>Este lunes en la vecina localidad de Gobernador Castro alrededor de las 15:30 hs la polic\u00eda del destacamento se hace presente en calle 9 de Julio y San Luis, donde llevan a cabo la aprehensi\u00f3n de un ciudadano de 78 a\u00f1os de edad, a quien se le secuestr\u00f3 en su poder arma blanca.<\/p>\n\n\n\n<p>El mismo fugaba abandonando la escena ocurrida metros atr\u00e1s, m\u00e1s precisamente en una pensi\u00f3n ubicada en 9 de Julio s\/n de esa localidad, cuando el aprehendido tras discusi\u00f3n le asest\u00f3&nbsp; tres pu\u00f1aladas a otro masculino 63 a\u00f1os, con quien compart\u00eda copas previas.&nbsp;<\/p>\n\n\n\n<p>La v\u00edctima presenta lesiones a nivel de rostro, y t\u00f3rax,&nbsp; por lo que fue asistido en el hospital de esa localidad y posteriormente trasladado al&nbsp; hospital \u201cEmilio Ruffa\u201d de nuestra ciudad, sin riesgo de vida inminente de no mediar complicaciones.&nbsp;<\/p>\n\n\n\n<p>Tom\u00f3 intervenci\u00f3n la fiscal\u00eda local, y el aprehendido permanece alojado en sede policial acusado de tentativa de homicidio.<\/p>\n\n\n\n<figure class=\"wp-block-image size-large\"><img decoding=\"async\" width=\"633\" height=\"700\" data-attachment-id=\"83334\" data-permalink=\"https:\/\/eldiariodesanpedro.com.ar\/sitio\/estaba-tomando-unas-copas-con-un-amigo-y-por-una-discusion-lo-apunalo-tres-veces\/img-20201110-wa0008\/\" data-orig-file=\"https:\/\/eldiariodesanpedro.com.ar\/sitio\/wp-content\/uploads\/2020\/11\/IMG-20201110-WA0008.jpg\" data-orig-size=\"633,700\" data-comments-opened=\"1\" data-image-meta=\"{&quot;aperture&quot;:&quot;0&quot;,&quot;credit&quot;:&quot;&quot;,&quot;camera&quot;:&quot;&quot;,&quot;caption&quot;:&quot;&quot;,&quot;created_timestamp&quot;:&quot;0&quot;,&quot;copyright&quot;:&quot;&quot;,&quot;focal_length&quot;:&quot;0&quot;,&quot;iso&quot;:&quot;0&quot;,&quot;shutter_speed&quot;:&quot;0&quot;,&quot;title&quot;:&quot;&quot;,&quot;orientation&quot;:&quot;0&quot;}\" data-image-title=\"IMG-20201110-WA0008\" data-image-description=\"\" data-image-caption=\"\" data-large-file=\"https:\/\/eldiariodesanpedro.com.ar\/sitio\/wp-content\/uploads\/2020\/11\/IMG-20201110-WA0008.jpg\" data-src=\"https:\/\/eldiariodesanpedro.com.ar\/sitio\/wp-content\/uploads\/2020\/11\/IMG-20201110-WA0008.jpg\" alt=\"\" class=\"wp-image-83334 lazyload\" data-srcset=\"https:\/\/eldiariodesanpedro.com.ar\/sitio\/wp-content\/uploads\/2020\/11\/IMG-20201110-WA0008.jpg 633w, https:\/\/eldiariodesanpedro.com.ar\/sitio\/wp-content\/uploads\/2020\/11\/IMG-20201110-WA0008-271x300.jpg 271w\" data-sizes=\"(max-width: 633px) 100vw, 633px\" src=\"data:image\/svg+xml;base64,PHN2ZyB3aWR0aD0iMSIgaGVpZ2h0PSIxIiB4bWxucz0iaHR0cDovL3d3dy53My5vcmcvMjAwMC9zdmciPjwvc3ZnPg==\" style=\"--smush-placeholder-width: 633px; --smush-placeholder-aspect-ratio: 633\/700;\" \/><\/figure>\n\n\n\n<figure class=\"wp-block-image size-large\"><img decoding=\"async\" width=\"1024\" height=\"576\" data-attachment-id=\"83335\" data-permalink=\"https:\/\/eldiariodesanpedro.com.ar\/sitio\/estaba-tomando-unas-copas-con-un-amigo-y-por-una-discusion-lo-apunalo-tres-veces\/img-20201110-wa0009\/\" data-orig-file=\"https:\/\/eldiariodesanpedro.com.ar\/sitio\/wp-content\/uploads\/2020\/11\/IMG-20201110-WA0009.jpg\" data-orig-size=\"1032,581\" data-comments-opened=\"1\" data-image-meta=\"{&quot;aperture&quot;:&quot;0&quot;,&quot;credit&quot;:&quot;&quot;,&quot;camera&quot;:&quot;&quot;,&quot;caption&quot;:&quot;&quot;,&quot;created_timestamp&quot;:&quot;0&quot;,&quot;copyright&quot;:&quot;&quot;,&quot;focal_length&quot;:&quot;0&quot;,&quot;iso&quot;:&quot;0&quot;,&quot;shutter_speed&quot;:&quot;0&quot;,&quot;title&quot;:&quot;&quot;,&quot;orientation&quot;:&quot;0&quot;}\" data-image-title=\"IMG-20201110-WA0009\" data-image-description=\"\" data-image-caption=\"\" data-large-file=\"https:\/\/eldiariodesanpedro.com.ar\/sitio\/wp-content\/uploads\/2020\/11\/IMG-20201110-WA0009-1024x576.jpg\" data-src=\"https:\/\/eldiariodesanpedro.com.ar\/sitio\/wp-content\/uploads\/2020\/11\/IMG-20201110-WA0009-1024x576.jpg\" alt=\"\" class=\"wp-image-83335 lazyload\" data-srcset=\"https:\/\/eldiariodesanpedro.com.ar\/sitio\/wp-content\/uploads\/2020\/11\/IMG-20201110-WA0009-1024x576.jpg 1024w, https:\/\/eldiariodesanpedro.com.ar\/sitio\/wp-content\/uploads\/2020\/11\/IMG-20201110-WA0009-300x169.jpg 300w, https:\/\/eldiariodesanpedro.com.ar\/sitio\/wp-content\/uploads\/2020\/11\/IMG-20201110-WA0009-768x432.jpg 768w, https:\/\/eldiariodesanpedro.com.ar\/sitio\/wp-content\/uploads\/2020\/11\/IMG-20201110-WA0009-800x450.jpg 800w, https:\/\/eldiariodesanpedro.com.ar\/sitio\/wp-content\/uploads\/2020\/11\/IMG-20201110-WA0009.jpg 1032w\" data-sizes=\"(max-width: 1024px) 100vw, 1024px\" src=\"data:image\/svg+xml;base64,PHN2ZyB3aWR0aD0iMSIgaGVpZ2h0PSIxIiB4bWxucz0iaHR0cDovL3d3dy53My5vcmcvMjAwMC9zdmciPjwvc3ZnPg==\" style=\"--smush-placeholder-width: 1024px; --smush-placeholder-aspect-ratio: 1024\/576;\" \/><\/figure>\n","protected":false},"excerpt":{"rendered":"<p>Este lunes en la vecina localidad de Gobernador Castro alrededor de las 15:30 hs la polic\u00eda del destacamento se hace presente en calle 9 de Julio y San Luis, donde llevan a cabo la aprehensi\u00f3n de un ciudadano de 78 a\u00f1os de edad, a quien se le secuestr\u00f3 en su poder arma blanca. El mismo [&hellip;]<\/p>\n","protected":false},"author":4,"featured_media":83333,"comment_status":"open","ping_status":"closed","sticky":false,"template":"","format":"standard","meta":{"om_disable_all_campaigns":false,"_jetpack_memberships_contains_paid_content":false,"footnotes":""},"categories":[50,2,103],"tags":[197,33,95,19],"class_list":["post-83332","post","type-post","status-publish","format-standard","has-post-thumbnail","hentry","category-destacadas","category-locales","category-policiales-locales","tag-buenos-aires","tag-locales","tag-policiales","tag-san-pedro"],"aioseo_notices":[],"gutentor_comment":0,"jetpack_featured_media_url":"https:\/\/eldiariodesanpedro.com.ar\/sitio\/wp-content\/uploads\/2020\/11\/Sin-titulo-1-3.jpg","jetpack_shortlink":"https:\/\/wp.me\/p6RhLt-lG4","jetpack_sharing_enabled":true,"_links":{"self":[{"href":"https:\/\/eldiariodesanpedro.com.ar\/sitio\/wp-json\/wp\/v2\/posts\/83332","targetHints":{"allow":["GET"]}}],"collection":[{"href":"https:\/\/eldiariodesanpedro.com.ar\/sitio\/wp-json\/wp\/v2\/posts"}],"about":[{"href":"https:\/\/eldiariodesanpedro.com.ar\/sitio\/wp-json\/wp\/v2\/types\/post"}],"author":[{"embeddable":true,"href":"https:\/\/eldiariodesanpedro.com.ar\/sitio\/wp-json\/wp\/v2\/users\/4"}],"replies":[{"embeddable":true,"href":"https:\/\/eldiariodesanpedro.com.ar\/sitio\/wp-json\/wp\/v2\/comments?post=83332"}],"version-history":[{"count":1,"href":"https:\/\/eldiariodesanpedro.com.ar\/sitio\/wp-json\/wp\/v2\/posts\/83332\/revisions"}],"predecessor-version":[{"id":83336,"href":"https:\/\/eldiariodesanpedro.com.ar\/sitio\/wp-json\/wp\/v2\/posts\/83332\/revisions\/83336"}],"wp:featuredmedia":[{"embeddable":true,"href":"https:\/\/eldiariodesanpedro.com.ar\/sitio\/wp-json\/wp\/v2\/media\/83333"}],"wp:attachment":[{"href":"https:\/\/eldiariodesanpedro.com.ar\/sitio\/wp-json\/wp\/v2\/media?parent=83332"}],"wp:term":[{"taxonomy":"category","embeddable":true,"href":"https:\/\/eldiariodesanpedro.com.ar\/sitio\/wp-json\/wp\/v2\/categories?post=83332"},{"taxonomy":"post_tag","embeddable":true,"href":"https:\/\/eldiariodesanpedro.com.ar\/sitio\/wp-json\/wp\/v2\/tags?post=83332"}],"curies":[{"name":"wp","href":"https:\/\/api.w.org\/{rel}","templated":true}]}}