{"id":83325,"date":"2020-11-10T09:20:06","date_gmt":"2020-11-10T12:20:06","guid":{"rendered":"https:\/\/eldiariodesanpedro.com.ar\/sitio\/?p=83325"},"modified":"2020-11-10T09:20:11","modified_gmt":"2020-11-10T12:20:11","slug":"campedrinos-celebran-el-dia-de-la-tradicion-con-un-videoclip","status":"publish","type":"post","link":"https:\/\/eldiariodesanpedro.com.ar\/sitio\/campedrinos-celebran-el-dia-de-la-tradicion-con-un-videoclip\/","title":{"rendered":"Campedrinos celebran el d\u00eda de la tradici\u00f3n con un videoclip"},"content":{"rendered":"<!-- VideographyWP Plugin Message: Automatic video embedding prevented by plugin options. -->\n\n<p>Los primeros influencers folkl\u00f3ricos del pa\u00eds presentan en YouTube \u00abZamba para decir adi\u00f3s\u00bb, emblem\u00e1tica canci\u00f3n de Argentino Luna para festejar el d\u00eda de la tradici\u00f3n.<\/p>\n\n\n\n<p>El video fue grabado en vivo en Copina en los famosos \u201cpuentes colgantes\u201d por donde pasaba el santo cura brochero, en la provincia de C\u00f3rdoba, impactante producci\u00f3n e im\u00e1genes de este imponente paisaje argentino.<\/p>\n\n\n\n<p>Sergio y Agust\u00edn proponen compartir nuestra m\u00fasica popular para festejar nuestras tradiciones.<\/p>\n\n\n\n<figure class=\"wp-block-embed-youtube wp-block-embed is-type-video is-provider-youtube wp-embed-aspect-16-9 wp-has-aspect-ratio\"><div class=\"wp-block-embed__wrapper\">\n<iframe  style=\"display: block; margin: 0px auto;\"  id=\"_ytid_33848\"  width=\"640\" height=\"360\"  data-origwidth=\"640\" data-origheight=\"360\" src=\"https:\/\/www.youtube.com\/embed\/otm6yuqR1fk?enablejsapi=1&#038;autoplay=0&#038;cc_load_policy=0&#038;cc_lang_pref=&#038;iv_load_policy=1&#038;loop=0&#038;rel=1&#038;fs=1&#038;playsinline=0&#038;autohide=2&#038;theme=dark&#038;color=red&#038;controls=1&#038;disablekb=0&#038;\" class=\"__youtube_prefs__  epyt-is-override  no-lazyload\" title=\"YouTube player\"  allow=\"fullscreen; accelerometer; autoplay; clipboard-write; encrypted-media; gyroscope; picture-in-picture; web-share\" referrerpolicy=\"strict-origin-when-cross-origin\" allowfullscreen data-no-lazy=\"1\" data-skipgform_ajax_framebjll=\"\"><\/iframe>\n<\/div><\/figure>\n","protected":false},"excerpt":{"rendered":"<p>Los primeros influencers folkl\u00f3ricos del pa\u00eds presentan en YouTube \u00abZamba para decir adi\u00f3s\u00bb, emblem\u00e1tica canci\u00f3n de Argentino Luna para festejar el d\u00eda de la tradici\u00f3n. El video fue grabado en vivo en Copina en los famosos \u201cpuentes colgantes\u201d por donde pasaba el santo cura brochero, en la provincia de C\u00f3rdoba, impactante producci\u00f3n e im\u00e1genes de [&hellip;]<\/p>\n","protected":false},"author":4,"featured_media":83326,"comment_status":"open","ping_status":"closed","sticky":false,"template":"","format":"standard","meta":{"om_disable_all_campaigns":false,"_jetpack_memberships_contains_paid_content":false,"footnotes":""},"categories":[101,2],"tags":[197,696,33,19],"class_list":["post-83325","post","type-post","status-publish","format-standard","has-post-thumbnail","hentry","category-interes-general-locales","category-locales","tag-buenos-aires","tag-interes-general","tag-locales","tag-san-pedro"],"aioseo_notices":[],"gutentor_comment":0,"jetpack_featured_media_url":"https:\/\/eldiariodesanpedro.com.ar\/sitio\/wp-content\/uploads\/2020\/11\/Campedrinos-1.jpg","jetpack_shortlink":"https:\/\/wp.me\/p6RhLt-lFX","jetpack_sharing_enabled":true,"_links":{"self":[{"href":"https:\/\/eldiariodesanpedro.com.ar\/sitio\/wp-json\/wp\/v2\/posts\/83325","targetHints":{"allow":["GET"]}}],"collection":[{"href":"https:\/\/eldiariodesanpedro.com.ar\/sitio\/wp-json\/wp\/v2\/posts"}],"about":[{"href":"https:\/\/eldiariodesanpedro.com.ar\/sitio\/wp-json\/wp\/v2\/types\/post"}],"author":[{"embeddable":true,"href":"https:\/\/eldiariodesanpedro.com.ar\/sitio\/wp-json\/wp\/v2\/users\/4"}],"replies":[{"embeddable":true,"href":"https:\/\/eldiariodesanpedro.com.ar\/sitio\/wp-json\/wp\/v2\/comments?post=83325"}],"version-history":[{"count":1,"href":"https:\/\/eldiariodesanpedro.com.ar\/sitio\/wp-json\/wp\/v2\/posts\/83325\/revisions"}],"predecessor-version":[{"id":83327,"href":"https:\/\/eldiariodesanpedro.com.ar\/sitio\/wp-json\/wp\/v2\/posts\/83325\/revisions\/83327"}],"wp:featuredmedia":[{"embeddable":true,"href":"https:\/\/eldiariodesanpedro.com.ar\/sitio\/wp-json\/wp\/v2\/media\/83326"}],"wp:attachment":[{"href":"https:\/\/eldiariodesanpedro.com.ar\/sitio\/wp-json\/wp\/v2\/media?parent=83325"}],"wp:term":[{"taxonomy":"category","embeddable":true,"href":"https:\/\/eldiariodesanpedro.com.ar\/sitio\/wp-json\/wp\/v2\/categories?post=83325"},{"taxonomy":"post_tag","embeddable":true,"href":"https:\/\/eldiariodesanpedro.com.ar\/sitio\/wp-json\/wp\/v2\/tags?post=83325"}],"curies":[{"name":"wp","href":"https:\/\/api.w.org\/{rel}","templated":true}]}}