{"id":83237,"date":"2020-11-06T20:04:06","date_gmt":"2020-11-06T23:04:06","guid":{"rendered":"https:\/\/eldiariodesanpedro.com.ar\/sitio\/?p=83237"},"modified":"2020-11-06T20:04:07","modified_gmt":"2020-11-06T23:04:07","slug":"regreso-responsable-de-actividades-deportivas-y-apertura-programada-en-los-clubes-de-san-pedro","status":"publish","type":"post","link":"https:\/\/eldiariodesanpedro.com.ar\/sitio\/regreso-responsable-de-actividades-deportivas-y-apertura-programada-en-los-clubes-de-san-pedro\/","title":{"rendered":"Regreso responsable de actividades deportivas y apertura programada en los clubes de San Pedro"},"content":{"rendered":"<!-- VideographyWP Plugin Message: Automatic video embedding prevented by plugin options. -->\n\n<p>Autoridades municipales recibieron esta tarde a representantes de clubes de San Pedro, para seguir avanzando de manera consensuada, en la progresiva flexibilizaci\u00f3n de actividades que se fueron interrumpiendo durante la vigencia del ASPO.<\/p>\n\n\n\n<p>Con una excelente predisposici\u00f3n y un muy buen di\u00e1logo, los referentes de los clubes y los funcionarios del gobierno local, que han venido manteniendo un contacto fluido durante todas estas semanas, avanzaron en una nueva mesa de an\u00e1lisis, con resoluciones que entrar\u00e1n en vigencia a partir del pr\u00f3ximo lunes, una vez publicado el Decreto Municipal correspondiente.<\/p>\n\n\n\n<p>La resoluci\u00f3n 260\/2020 del Gobierno de la Provincia de Buenos Aires otorg\u00f3 la autorizaci\u00f3n en ciudades de fase 3, 4 y 5 para actividades deportivas federadas colectivas hasta 10 personas por grupo, en espacios abiertos.. De este modo, a las autorizaciones ya vigentes del regreso de gimnasios y un grupo de deportes, m\u00e1s el reciente reinicio de los entrenamientos en los clubes sin uso de materiales deportivos, se sumar\u00e1n, las actividades deportivas federadas en espacios abiertos, en grupos de hasta 10 personas, y la posibilidad de que sean parte de las mismas, ni\u00f1os y ni\u00f1as nacidos hasta el 2011.<\/p>\n\n\n\n<p>Con un criterio plenamente compartido y entendiendo la responsabilidad que representa esta nueva etapa para cada instituci\u00f3n y para sus socios, se determin\u00f3 tambi\u00e9n que se podr\u00e1n realizar las actividades deportivas con el uso de materiales (pelotas, bochas, etc.).<\/p>\n\n\n\n<p>Siempre, con un exhaustivo respeto de todas las medidas de sanitizaci\u00f3n en cada instituci\u00f3n.<\/p>\n\n\n\n<p>Dentro de los cambios para los deportes, tambi\u00e9n se incluye la autorizaci\u00f3n para la disputa de Pelota Paleta, Tenis y Padel en la modalidad dobles, que se encontraba restringida.<\/p>\n\n\n\n<p>Los clubes que cuentan con natatorios, podr\u00e1n comenzar a utilizarlos al aire libre, para entrenamientos deportivos.<\/p>\n\n\n\n<p>En cuanto a la apertura de los clubes para el ingreso de socios con fines de esparcimiento, *se ha resuelto establecer una primera etapa autorizando su funcionamiento desde el s\u00e1bado 14 de noviembre, s\u00e1bados, domingos y feriados, de 8 a 21, y con el cumplimiento pleno de las mismas medidas de prevenci\u00f3n que aplican para el resto de las actividades autorizadas: uso de barbijo, distanciamiento social y permanente utilizaci\u00f3n de productos de sanitizaci\u00f3n.<\/p>\n\n\n\n<p>La extensi\u00f3n horaria y la incorporaci\u00f3n de una mayor cantidad de d\u00edas depender\u00e1n de la evoluci\u00f3n de esta instancia y de la situaci\u00f3n epidemiol\u00f3gica general.<\/p>\n\n\n\n<p>Finalmente con relaci\u00f3n a la apertura de canchas de f\u00fatbol 5, desde la Direcci\u00f3n de Deportes ya se ha establecido una comunicaci\u00f3n directa con los responsables de los predios habilitados, para informar el protocolo que se deber\u00e1 cumplir, centrado en autorizar el uso de las mismas pero sin permanencia en el lugar m\u00e1s all\u00e1 del horario predeterminado, sin uso de otras instalaciones ni funcionamiento de kiosco o bar.<\/p>\n\n\n\n<p>Los clubes y los responsables de los establecimientos autorizados se comprometieron a establecer un estricto control y seguimiento para que este regreso sea sustentable y beneficioso para todos.<\/p>\n","protected":false},"excerpt":{"rendered":"<p>Autoridades municipales recibieron esta tarde a representantes de clubes de San Pedro, para seguir avanzando de manera consensuada, en la progresiva flexibilizaci\u00f3n de actividades que se fueron interrumpiendo durante la vigencia del ASPO. Con una excelente predisposici\u00f3n y un muy buen di\u00e1logo, los referentes de los clubes y los funcionarios del gobierno local, que han [&hellip;]<\/p>\n","protected":false},"author":4,"featured_media":83240,"comment_status":"open","ping_status":"closed","sticky":false,"template":"","format":"standard","meta":{"om_disable_all_campaigns":false,"_jetpack_memberships_contains_paid_content":false,"footnotes":""},"categories":[50,101,2],"tags":[197,696,33,1040],"class_list":["post-83237","post","type-post","status-publish","format-standard","has-post-thumbnail","hentry","category-destacadas","category-interes-general-locales","category-locales","tag-buenos-aires","tag-interes-general","tag-locales","tag-san-pedro-buenos-aires"],"aioseo_notices":[],"gutentor_comment":0,"jetpack_featured_media_url":"https:\/\/eldiariodesanpedro.com.ar\/sitio\/wp-content\/uploads\/2020\/11\/WhatsApp-Image-2020-11-06-at-19.55.25.jpeg","jetpack_shortlink":"https:\/\/wp.me\/p6RhLt-lEx","jetpack_sharing_enabled":true,"_links":{"self":[{"href":"https:\/\/eldiariodesanpedro.com.ar\/sitio\/wp-json\/wp\/v2\/posts\/83237","targetHints":{"allow":["GET"]}}],"collection":[{"href":"https:\/\/eldiariodesanpedro.com.ar\/sitio\/wp-json\/wp\/v2\/posts"}],"about":[{"href":"https:\/\/eldiariodesanpedro.com.ar\/sitio\/wp-json\/wp\/v2\/types\/post"}],"author":[{"embeddable":true,"href":"https:\/\/eldiariodesanpedro.com.ar\/sitio\/wp-json\/wp\/v2\/users\/4"}],"replies":[{"embeddable":true,"href":"https:\/\/eldiariodesanpedro.com.ar\/sitio\/wp-json\/wp\/v2\/comments?post=83237"}],"version-history":[{"count":1,"href":"https:\/\/eldiariodesanpedro.com.ar\/sitio\/wp-json\/wp\/v2\/posts\/83237\/revisions"}],"predecessor-version":[{"id":83241,"href":"https:\/\/eldiariodesanpedro.com.ar\/sitio\/wp-json\/wp\/v2\/posts\/83237\/revisions\/83241"}],"wp:featuredmedia":[{"embeddable":true,"href":"https:\/\/eldiariodesanpedro.com.ar\/sitio\/wp-json\/wp\/v2\/media\/83240"}],"wp:attachment":[{"href":"https:\/\/eldiariodesanpedro.com.ar\/sitio\/wp-json\/wp\/v2\/media?parent=83237"}],"wp:term":[{"taxonomy":"category","embeddable":true,"href":"https:\/\/eldiariodesanpedro.com.ar\/sitio\/wp-json\/wp\/v2\/categories?post=83237"},{"taxonomy":"post_tag","embeddable":true,"href":"https:\/\/eldiariodesanpedro.com.ar\/sitio\/wp-json\/wp\/v2\/tags?post=83237"}],"curies":[{"name":"wp","href":"https:\/\/api.w.org\/{rel}","templated":true}]}}