{"id":83234,"date":"2020-11-06T18:49:54","date_gmt":"2020-11-06T21:49:54","guid":{"rendered":"https:\/\/eldiariodesanpedro.com.ar\/sitio\/?p=83234"},"modified":"2020-11-06T18:49:58","modified_gmt":"2020-11-06T21:49:58","slug":"el-gobernador-confirmo-el-fin-del-aislamiento-y-comienzo-del-distanciamiento","status":"publish","type":"post","link":"https:\/\/eldiariodesanpedro.com.ar\/sitio\/el-gobernador-confirmo-el-fin-del-aislamiento-y-comienzo-del-distanciamiento\/","title":{"rendered":"El gobernador confirmo el fin del aislamiento y comienzo del distanciamiento"},"content":{"rendered":"<!-- VideographyWP Plugin Message: Automatic video embedding prevented by plugin options. -->\n\n<p>Por su parte en el interior de la provincia por el me momento continuara rigiendo el sistema de faces para las ciudades mas complicadas, en el caso de San Pedro nuestra ciudad se encuentra entre las 26 ciudades de la provincia donde comenzaran las clases por tener riesgo bajo de contagio.<\/p>\n\n\n\n<p>El Gobernador bonaerense dio detalles de la implementaci\u00f3n del distanciamiento social obligatorio (DISPO) en territorio bonaerense. A partir del martes la Provincia ingresa en etapa de distanciamiento.<\/p>\n\n\n\n<p>Luego del anuncio realizado por el presidente Alberto Fern\u00e1ndez, anunciando las nuevas medidas sanitarias para combatir el coronavirus, el gobernador Axel Kicillof dio detalles de la implementaci\u00f3n del distanciamiento social obligatorio (DISPO) en territorio bonaerense.<\/p>\n\n\n\n<p>El gobernador retom\u00f3 ayer las reuniones con la agenda sanitaria y epidemiol\u00f3gica como actores centrales. Y recibi\u00f3 al Comit\u00e9 de Especialistas sanitarios y a los intendentes e intendentas del Area Metropolitana Buenos Aires (AMBA), encuentro en el que se charl\u00f3 de los anuncios a realizarse durante esta jornada.<\/p>\n\n\n\n<p>La nueva etapa, m\u00e1s flexible, se decidi\u00f3 luego de analizar los datos estad\u00edsticos, que marcan varias semanas de descenso de contagios en el AMBA, aunque se mantiene la preocupaci\u00f3n por la situaci\u00f3n en algunos distritos del interior provincial.<\/p>\n\n\n\n<p>Al comienzo de la conferencia, el Gobernador agradeci\u00f3 al Presidente y a los 135 intendentes, tanto del oficialismo como de la oposici\u00f3n. \u00abAlberto se ha ocupado de los que menos tienen, ha actuado con firmeza y sobre todo, representa a aquellos que pensamos que tiene que haber un Estado presente. No me quiero imaginar lo que hubiese sido la Argentina si hubiese gobernado esos que pregonan el s\u00e1lvese quien pueda\u00bb.<\/p>\n\n\n\n<p>\u00abLos datos que vemos, la realidad objetiva, nos permite entrar a partir del martes en una nueva fase en el Gran Buenos Aires. Dentro de toda el AMBA vamos a dejar la etapa del ASPO, para pasar al DISPO. Esto fue posible por todo el sacrificio, esfuerzo y solidaridad que pusimos en juego. Todo lo que hicimos y dejamos de hacer\u00bb.&nbsp;<\/p>\n\n\n\n<p>\u00abEmpieza la etapa de los protocolos. En 10 semanas, los casos bajaron a un tercio. Es una cantidad muy grande, 1900 casos es mucho, pero lleva una trayectoria descendiente. Las camas de terapia intensiva para adultos, hasta ayer, teniamos 730 camas ocupadas. El 10 de septiembre, hab\u00eda alcanzado 1250\u00bb.<\/p>\n\n\n\n<p>\u00abVamos a pasar de aplanar la curva, a aplastarla. Son cinco medidas: sostener y profundizar la b\u00fasqueda activa; fortalecer las pautas de cuidado; ir a una pol\u00edtica de distanciamiento inteligente; vigilancia sobre contactos estrechos, sea asintom\u00e1tico o no, le haremos un test; y cuarentena focalizada\u00bb.<\/p>\n\n\n\n<p>\u00abEn el AMBA venimos habilitando actividades con protocolos. Si seguimos con este ritmo, vamos a poder anunciar nuevas actividades, que tiene que ver con gastronom\u00eda en interior y l\u00edmite de cantidad de personas; actividad en gimnasios; actividades deportivas de hasta 10 personas y ampliaci\u00f3n de construcci\u00f3n privada\u00bb.<\/p>\n\n\n\n<p>\u00abEn el interior, vamos a seguir con el sistema de Fases. Con respecto a la educaci\u00f3n, estamos haciendo lo que hab\u00edamos anunciado y as\u00ed seguiremos. Tenemos 26 municipios en riesgo bajo, donde se est\u00e1n reanudando las clases presenciales. Sobre esto se ha hecho mucho marketing\u00bb.&nbsp;<\/p>\n\n\n\n<p>Seg\u00fan pudo constatar&nbsp;<em><strong>LaTecla.info<\/strong><\/em>, la conversaci\u00f3n cont\u00f3 con la iniciativa de la administraci\u00f3n bonaerense para realizar nuevas aperturas. Hasta las \u00faltimas citas, los intendentes elevaban las propuestas y la Provincia aceptada o no. Sin embargo, el escenario modific\u00f3 producto de los buenos n\u00fameros del distrito en cuanto a contagios.<\/p>\n\n\n\n<p>Kicillof mantuvo contacto con Fern\u00e0ndez y con el jefe de Gobierno porte\u00f1o, Horacio Rodr\u00edguez Larreta, para coordinar los enunciados de las medidas y aspecto vinculados a la implementaci\u00f3n de las nuevas medidas.<\/p>\n\n\n\n<p>Fuente: <a href=\"https:\/\/www.latecla.info\/116276-kicillof-sobre-el-distanciamiento-vamos-a-pasar-de-apla\">la Tecla<\/a><\/p>\n","protected":false},"excerpt":{"rendered":"<p>Por su parte en el interior de la provincia por el me momento continuara rigiendo el sistema de faces para las ciudades mas complicadas, en el caso de San Pedro nuestra ciudad se encuentra entre las 26 ciudades de la provincia donde comenzaran las clases por tener riesgo bajo de contagio. El Gobernador bonaerense dio [&hellip;]<\/p>\n","protected":false},"author":4,"featured_media":83235,"comment_status":"open","ping_status":"closed","sticky":false,"template":"","format":"standard","meta":{"om_disable_all_campaigns":false,"_jetpack_memberships_contains_paid_content":false,"footnotes":""},"categories":[2],"tags":[1869,197,1868,696,33,1343],"class_list":["post-83234","post","type-post","status-publish","format-standard","has-post-thumbnail","hentry","category-locales","tag-aspo","tag-buenos-aires","tag-dispo","tag-interes-general","tag-locales","tag-provinciales"],"aioseo_notices":[],"gutentor_comment":0,"jetpack_featured_media_url":"https:\/\/eldiariodesanpedro.com.ar\/sitio\/wp-content\/uploads\/2020\/11\/el-gobernador-axel-kicillof-anuncio___bQ4c00rwi_1256x620__2-1.jpg","jetpack_shortlink":"https:\/\/wp.me\/p6RhLt-lEu","jetpack_sharing_enabled":true,"_links":{"self":[{"href":"https:\/\/eldiariodesanpedro.com.ar\/sitio\/wp-json\/wp\/v2\/posts\/83234","targetHints":{"allow":["GET"]}}],"collection":[{"href":"https:\/\/eldiariodesanpedro.com.ar\/sitio\/wp-json\/wp\/v2\/posts"}],"about":[{"href":"https:\/\/eldiariodesanpedro.com.ar\/sitio\/wp-json\/wp\/v2\/types\/post"}],"author":[{"embeddable":true,"href":"https:\/\/eldiariodesanpedro.com.ar\/sitio\/wp-json\/wp\/v2\/users\/4"}],"replies":[{"embeddable":true,"href":"https:\/\/eldiariodesanpedro.com.ar\/sitio\/wp-json\/wp\/v2\/comments?post=83234"}],"version-history":[{"count":1,"href":"https:\/\/eldiariodesanpedro.com.ar\/sitio\/wp-json\/wp\/v2\/posts\/83234\/revisions"}],"predecessor-version":[{"id":83236,"href":"https:\/\/eldiariodesanpedro.com.ar\/sitio\/wp-json\/wp\/v2\/posts\/83234\/revisions\/83236"}],"wp:featuredmedia":[{"embeddable":true,"href":"https:\/\/eldiariodesanpedro.com.ar\/sitio\/wp-json\/wp\/v2\/media\/83235"}],"wp:attachment":[{"href":"https:\/\/eldiariodesanpedro.com.ar\/sitio\/wp-json\/wp\/v2\/media?parent=83234"}],"wp:term":[{"taxonomy":"category","embeddable":true,"href":"https:\/\/eldiariodesanpedro.com.ar\/sitio\/wp-json\/wp\/v2\/categories?post=83234"},{"taxonomy":"post_tag","embeddable":true,"href":"https:\/\/eldiariodesanpedro.com.ar\/sitio\/wp-json\/wp\/v2\/tags?post=83234"}],"curies":[{"name":"wp","href":"https:\/\/api.w.org\/{rel}","templated":true}]}}