{"id":83223,"date":"2020-11-06T11:42:48","date_gmt":"2020-11-06T14:42:48","guid":{"rendered":"https:\/\/eldiariodesanpedro.com.ar\/sitio\/?p=83223"},"modified":"2020-11-06T11:42:49","modified_gmt":"2020-11-06T14:42:49","slug":"se-recupero-una-motocicleta-que-habia-sido-robado-minutos-antes","status":"publish","type":"post","link":"https:\/\/eldiariodesanpedro.com.ar\/sitio\/se-recupero-una-motocicleta-que-habia-sido-robado-minutos-antes\/","title":{"rendered":"Se recupero una motocicleta que hab\u00eda sido robado minutos antes"},"content":{"rendered":"<!-- VideographyWP Plugin Message: Automatic video embedding prevented by plugin options. -->\n\n<p>En la noche de ayer, polic\u00eda de la comisaria alertada y tras r\u00e1pido proceder en Cruz Roja Argentina al 1600 ciudad, procede al hallazgo de motocicleta 150 cc, la cual fue sustra\u00edda momentos antes de la vereda D\u00e1vila y Manuel Iglesias, ciudad donde estaba estacionada. <\/p>\n\n\n\n<p>El propietario un masculino de 34 a\u00f1os. Radico la denuncia. Se procura autor\u00eda y detenci\u00f3n. Interviene la Justica local.<\/p>\n","protected":false},"excerpt":{"rendered":"<p>En la noche de ayer, polic\u00eda de la comisaria alertada y tras r\u00e1pido proceder en Cruz Roja Argentina al 1600 ciudad, procede al hallazgo de motocicleta 150 cc, la cual fue sustra\u00edda momentos antes de la vereda D\u00e1vila y Manuel Iglesias, ciudad donde estaba estacionada. El propietario un masculino de 34 a\u00f1os. Radico la denuncia. [&hellip;]<\/p>\n","protected":false},"author":4,"featured_media":83224,"comment_status":"open","ping_status":"closed","sticky":false,"template":"","format":"standard","meta":{"om_disable_all_campaigns":false,"_jetpack_memberships_contains_paid_content":false,"footnotes":""},"categories":[2,103],"tags":[197,33,95,19],"class_list":["post-83223","post","type-post","status-publish","format-standard","has-post-thumbnail","hentry","category-locales","category-policiales-locales","tag-buenos-aires","tag-locales","tag-policiales","tag-san-pedro"],"aioseo_notices":[],"gutentor_comment":0,"jetpack_featured_media_url":"https:\/\/eldiariodesanpedro.com.ar\/sitio\/wp-content\/uploads\/2020\/11\/1-1.jpg","jetpack_shortlink":"https:\/\/wp.me\/p6RhLt-lEj","jetpack_sharing_enabled":true,"_links":{"self":[{"href":"https:\/\/eldiariodesanpedro.com.ar\/sitio\/wp-json\/wp\/v2\/posts\/83223","targetHints":{"allow":["GET"]}}],"collection":[{"href":"https:\/\/eldiariodesanpedro.com.ar\/sitio\/wp-json\/wp\/v2\/posts"}],"about":[{"href":"https:\/\/eldiariodesanpedro.com.ar\/sitio\/wp-json\/wp\/v2\/types\/post"}],"author":[{"embeddable":true,"href":"https:\/\/eldiariodesanpedro.com.ar\/sitio\/wp-json\/wp\/v2\/users\/4"}],"replies":[{"embeddable":true,"href":"https:\/\/eldiariodesanpedro.com.ar\/sitio\/wp-json\/wp\/v2\/comments?post=83223"}],"version-history":[{"count":1,"href":"https:\/\/eldiariodesanpedro.com.ar\/sitio\/wp-json\/wp\/v2\/posts\/83223\/revisions"}],"predecessor-version":[{"id":83225,"href":"https:\/\/eldiariodesanpedro.com.ar\/sitio\/wp-json\/wp\/v2\/posts\/83223\/revisions\/83225"}],"wp:featuredmedia":[{"embeddable":true,"href":"https:\/\/eldiariodesanpedro.com.ar\/sitio\/wp-json\/wp\/v2\/media\/83224"}],"wp:attachment":[{"href":"https:\/\/eldiariodesanpedro.com.ar\/sitio\/wp-json\/wp\/v2\/media?parent=83223"}],"wp:term":[{"taxonomy":"category","embeddable":true,"href":"https:\/\/eldiariodesanpedro.com.ar\/sitio\/wp-json\/wp\/v2\/categories?post=83223"},{"taxonomy":"post_tag","embeddable":true,"href":"https:\/\/eldiariodesanpedro.com.ar\/sitio\/wp-json\/wp\/v2\/tags?post=83223"}],"curies":[{"name":"wp","href":"https:\/\/api.w.org\/{rel}","templated":true}]}}