{"id":83220,"date":"2020-11-06T11:32:24","date_gmt":"2020-11-06T14:32:24","guid":{"rendered":"https:\/\/eldiariodesanpedro.com.ar\/sitio\/?p=83220"},"modified":"2020-11-06T11:32:25","modified_gmt":"2020-11-06T14:32:25","slug":"se-recupero-una-motocicleta-150-cc","status":"publish","type":"post","link":"https:\/\/eldiariodesanpedro.com.ar\/sitio\/se-recupero-una-motocicleta-150-cc\/","title":{"rendered":"Se recupero una motocicleta 150 cc"},"content":{"rendered":"<!-- VideographyWP Plugin Message: Automatic video embedding prevented by plugin options. -->\n\n<p>El personal policial de la comisar\u00eda en G\u00fcemes y 25 de Mayo, identific\u00f3 a masculino de 24 a\u00f1os de edad, quien circulaba a bordo de motocicleta 150 cc, la cual registra pedido de secuestro activo por delito de robo en a\u00f1o 2012 acorde la red de inform\u00e1tica de esta Polic\u00eda.&nbsp;<\/p>\n\n\n\n<p>Respecto del tenedor se cumplimentaron recaudos legales por el delito de encubrimiento, interviniendo la justicia local<\/p>\n","protected":false},"excerpt":{"rendered":"<p>El personal policial de la comisar\u00eda en G\u00fcemes y 25 de Mayo, identific\u00f3 a masculino de 24 a\u00f1os de edad, quien circulaba a bordo de motocicleta 150 cc, la cual registra pedido de secuestro activo por delito de robo en a\u00f1o 2012 acorde la red de inform\u00e1tica de esta Polic\u00eda.&nbsp; Respecto del tenedor se cumplimentaron [&hellip;]<\/p>\n","protected":false},"author":4,"featured_media":83221,"comment_status":"open","ping_status":"closed","sticky":false,"template":"","format":"standard","meta":{"om_disable_all_campaigns":false,"_jetpack_memberships_contains_paid_content":false,"footnotes":""},"categories":[2,103],"tags":[197,33,95,19],"class_list":["post-83220","post","type-post","status-publish","format-standard","has-post-thumbnail","hentry","category-locales","category-policiales-locales","tag-buenos-aires","tag-locales","tag-policiales","tag-san-pedro"],"aioseo_notices":[],"gutentor_comment":0,"jetpack_featured_media_url":"https:\/\/eldiariodesanpedro.com.ar\/sitio\/wp-content\/uploads\/2020\/11\/2.jpg","jetpack_shortlink":"https:\/\/wp.me\/p6RhLt-lEg","jetpack_sharing_enabled":true,"_links":{"self":[{"href":"https:\/\/eldiariodesanpedro.com.ar\/sitio\/wp-json\/wp\/v2\/posts\/83220","targetHints":{"allow":["GET"]}}],"collection":[{"href":"https:\/\/eldiariodesanpedro.com.ar\/sitio\/wp-json\/wp\/v2\/posts"}],"about":[{"href":"https:\/\/eldiariodesanpedro.com.ar\/sitio\/wp-json\/wp\/v2\/types\/post"}],"author":[{"embeddable":true,"href":"https:\/\/eldiariodesanpedro.com.ar\/sitio\/wp-json\/wp\/v2\/users\/4"}],"replies":[{"embeddable":true,"href":"https:\/\/eldiariodesanpedro.com.ar\/sitio\/wp-json\/wp\/v2\/comments?post=83220"}],"version-history":[{"count":1,"href":"https:\/\/eldiariodesanpedro.com.ar\/sitio\/wp-json\/wp\/v2\/posts\/83220\/revisions"}],"predecessor-version":[{"id":83222,"href":"https:\/\/eldiariodesanpedro.com.ar\/sitio\/wp-json\/wp\/v2\/posts\/83220\/revisions\/83222"}],"wp:featuredmedia":[{"embeddable":true,"href":"https:\/\/eldiariodesanpedro.com.ar\/sitio\/wp-json\/wp\/v2\/media\/83221"}],"wp:attachment":[{"href":"https:\/\/eldiariodesanpedro.com.ar\/sitio\/wp-json\/wp\/v2\/media?parent=83220"}],"wp:term":[{"taxonomy":"category","embeddable":true,"href":"https:\/\/eldiariodesanpedro.com.ar\/sitio\/wp-json\/wp\/v2\/categories?post=83220"},{"taxonomy":"post_tag","embeddable":true,"href":"https:\/\/eldiariodesanpedro.com.ar\/sitio\/wp-json\/wp\/v2\/tags?post=83220"}],"curies":[{"name":"wp","href":"https:\/\/api.w.org\/{rel}","templated":true}]}}