{"id":83212,"date":"2020-11-06T10:53:56","date_gmt":"2020-11-06T13:53:56","guid":{"rendered":"https:\/\/eldiariodesanpedro.com.ar\/sitio\/?p=83212"},"modified":"2020-11-06T10:53:59","modified_gmt":"2020-11-06T13:53:59","slug":"detuvieron-al-delincuente-que-trato-de-robarle-el-celular-a-una-nina-de-14-anos","status":"publish","type":"post","link":"https:\/\/eldiariodesanpedro.com.ar\/sitio\/detuvieron-al-delincuente-que-trato-de-robarle-el-celular-a-una-nina-de-14-anos\/","title":{"rendered":"Detuvieron al delincuente que trato de robarle el celular a una ni\u00f1a de 14 a\u00f1os"},"content":{"rendered":"<!-- VideographyWP Plugin Message: Automatic video embedding prevented by plugin options. -->\n\n<p>En la jornada de ayer la polic\u00eda de nuestra ciudad realiz\u00f3 la aprehensi\u00f3n de un ciudadanos como informamos en el dia de ayer habr\u00eda intentado robarle el celular a una ni\u00f1a de 14 a\u00f1os provocandoles lesiones leves y luego d\u00e1ndose a la fuga.<\/p>\n\n\n\n<p>El hecho comunicado ayer y que ocurriera en la tarde del d\u00eda mi\u00e9rcoles por tentativa de robo, cuando la polic\u00eda recupera un tel\u00e9fono celular en Cruz Roja al 500, sustra\u00eddo a una ni\u00f1a de 14 a\u00f1os una cuadra atr\u00e1s, modalidad arrebato y lesionando a la v\u00edctima para consumar el hecho.&nbsp;<\/p>\n\n\n\n<p>El delincuente hab\u00eda logrado fugar en el proceder, por lo que se ampliar\u00e1 la investigacion y se logro identificar al mismo trat\u00e1ndose de un delincuente reconocido por sus antecedentes, la justicia local intervino, y extendi\u00f3 orden de detenci\u00f3n para el mismo la cual se efectivos en la noche de ayer, cuando fue capturado por el personal del gabinete criminol\u00f3gico de la comisar\u00eda cuando deambulaba por Pasillo Cruz Roja al 800.<\/p>\n\n\n\n<p>El delincuente ya detenido, autor material del hecho, permanece alojado en sede policial a disposici\u00f3n judicial.<\/p>\n","protected":false},"excerpt":{"rendered":"<p>En la jornada de ayer la polic\u00eda de nuestra ciudad realiz\u00f3 la aprehensi\u00f3n de un ciudadanos como informamos en el dia de ayer habr\u00eda intentado robarle el celular a una ni\u00f1a de 14 a\u00f1os provocandoles lesiones leves y luego d\u00e1ndose a la fuga. El hecho comunicado ayer y que ocurriera en la tarde del d\u00eda [&hellip;]<\/p>\n","protected":false},"author":4,"featured_media":80172,"comment_status":"open","ping_status":"closed","sticky":false,"template":"","format":"standard","meta":{"om_disable_all_campaigns":false,"_jetpack_memberships_contains_paid_content":false,"footnotes":""},"categories":[2,103],"tags":[197,33,95,19],"class_list":["post-83212","post","type-post","status-publish","format-standard","has-post-thumbnail","hentry","category-locales","category-policiales-locales","tag-buenos-aires","tag-locales","tag-policiales","tag-san-pedro"],"aioseo_notices":[],"gutentor_comment":0,"jetpack_featured_media_url":"https:\/\/eldiariodesanpedro.com.ar\/sitio\/wp-content\/uploads\/2020\/08\/lvp.lvp_.img_nv000592.jpg","jetpack_shortlink":"https:\/\/wp.me\/p6RhLt-lE8","jetpack_sharing_enabled":true,"_links":{"self":[{"href":"https:\/\/eldiariodesanpedro.com.ar\/sitio\/wp-json\/wp\/v2\/posts\/83212","targetHints":{"allow":["GET"]}}],"collection":[{"href":"https:\/\/eldiariodesanpedro.com.ar\/sitio\/wp-json\/wp\/v2\/posts"}],"about":[{"href":"https:\/\/eldiariodesanpedro.com.ar\/sitio\/wp-json\/wp\/v2\/types\/post"}],"author":[{"embeddable":true,"href":"https:\/\/eldiariodesanpedro.com.ar\/sitio\/wp-json\/wp\/v2\/users\/4"}],"replies":[{"embeddable":true,"href":"https:\/\/eldiariodesanpedro.com.ar\/sitio\/wp-json\/wp\/v2\/comments?post=83212"}],"version-history":[{"count":1,"href":"https:\/\/eldiariodesanpedro.com.ar\/sitio\/wp-json\/wp\/v2\/posts\/83212\/revisions"}],"predecessor-version":[{"id":83213,"href":"https:\/\/eldiariodesanpedro.com.ar\/sitio\/wp-json\/wp\/v2\/posts\/83212\/revisions\/83213"}],"wp:featuredmedia":[{"embeddable":true,"href":"https:\/\/eldiariodesanpedro.com.ar\/sitio\/wp-json\/wp\/v2\/media\/80172"}],"wp:attachment":[{"href":"https:\/\/eldiariodesanpedro.com.ar\/sitio\/wp-json\/wp\/v2\/media?parent=83212"}],"wp:term":[{"taxonomy":"category","embeddable":true,"href":"https:\/\/eldiariodesanpedro.com.ar\/sitio\/wp-json\/wp\/v2\/categories?post=83212"},{"taxonomy":"post_tag","embeddable":true,"href":"https:\/\/eldiariodesanpedro.com.ar\/sitio\/wp-json\/wp\/v2\/tags?post=83212"}],"curies":[{"name":"wp","href":"https:\/\/api.w.org\/{rel}","templated":true}]}}