{"id":83206,"date":"2020-11-06T10:26:26","date_gmt":"2020-11-06T13:26:26","guid":{"rendered":"https:\/\/eldiariodesanpedro.com.ar\/sitio\/?p=83206"},"modified":"2020-11-06T10:26:33","modified_gmt":"2020-11-06T13:26:33","slug":"policia-vial-intercepto-a-dos-ciudadanos-extranjeros-con-una-caja-fuerte-dolares-negros-y-cocaina","status":"publish","type":"post","link":"https:\/\/eldiariodesanpedro.com.ar\/sitio\/policia-vial-intercepto-a-dos-ciudadanos-extranjeros-con-una-caja-fuerte-dolares-negros-y-cocaina\/","title":{"rendered":"Polic\u00eda vial intercept\u00f3 a dos ciudadanos extranjeros con una caja fuerte, \u00abd\u00f3lares negros\u00bb y coca\u00edna"},"content":{"rendered":"<!-- VideographyWP Plugin Message: Automatic video embedding prevented by plugin options. -->\n\n<p>Este jueves la polic\u00eda del destacamento vial apostado sobre ruta 9 km 153 a cargo de Diego Guzman realiz\u00f3 la aprehensi\u00f3n de un ciudadano que trasladaba estupefacientes y una caja fuerte embalada cerrada con candado que en el interior llevaba unos envoltorios conocidos en la jerga como \u00abdolares negros\u00bb fajos de cartones que podr\u00edan ser para falsificar d\u00f3lares..<\/p>\n\n\n\n<p>Se intercepta sobre Ruta 9 km 153 un rodado marca Renault 9 color rojo conducido por&nbsp; un ciudadano&nbsp; oriundo de Rosario ,Sta. Fe, quien resulta ser empleado de una remiser\u00eda de la ciudad de Rosario, siendo contratado para un viaje por dos personas, uno de nacionalidad Liberiano y otro de Nacionalidad Haitiano a quienes tras realizar requisa por sobre prendas, pertenencias y rodado, en presencia de testigos.<\/p>\n\n\n\n<p>Se incauta de una valija color negra quese encontraba cerrada con candado, al abrirla conten\u00eda en su interior una caja met\u00e1lica (caja fuerte) envuelta en cinta de embalar color marr\u00f3n, la que se encontraba bajo llave y en su interior conten\u00eda, 25 envoltorios en papel aluminio tipo fajos sujetos con bandas el\u00e1sticas, resguardado en algod\u00f3n y una sustancia tipo polvo blanco, que al abrir los paquetes se constata que es cartulina color negra, cortada de forma rectangular similar tama\u00f1o de billetes de moneda extranjera, como as\u00ed tambi\u00e9n se halla en misma valija, un envoltorio de nylon transparente, conteniendo una sustancia blanca, tipo pasta, que tras realizar reactivo arroja resultado positivo para coca\u00edna, con guarismo de 19 gramos, procediendo a la aprehensi\u00f3n de uno de los&nbsp; extranjeros.&nbsp;<\/p>\n\n\n\n<p>La fiscal a cargo de la causa cree que estos envoltorios en los que llevaban unas cartulinas de color negro serian utilizados para la falcificacion de dolares.<\/p>\n\n\n\n<p>Los \u201cd\u00f3lares negros\u201d son esta cartulina o plancha impresa. Aplicando un qu\u00edmico (revelador), aparecen los billetes de d\u00f3lares. Seg\u00fan fuentes de la investigaci\u00f3n, este m\u00e9todo se aplica con los d\u00f3lares aut\u00e9nticos, es decir utilizando papel billete aut\u00e9ntico pero se adultera la denominaci\u00f3n.<\/p>\n\n\n\n<p>Adem\u00e1s -seg\u00fan las cr\u00f3nicas policiales de diferentes lugares del pa\u00eds- esta cartulina puede ser utilizada para estafar a falsificadores.<\/p>\n\n\n\n<p>Dada intervenci\u00f3n el Juzgado Federal N\u00ba 2 de San Nicol\u00e1s a cargo del Dr. Carlos Villafuerte Ruzo, instructor el Dr Defelipe Carlos dispone secuestro del producto por posible utilizaci\u00f3n para falsificar billetes.<\/p>\n\n\n\n<p>Video explicaci\u00f3n d\u00f3lares negros:<\/p>\n\n\n\n<figure class=\"wp-block-embed-youtube wp-block-embed is-type-video is-provider-youtube wp-embed-aspect-4-3 wp-has-aspect-ratio\"><div class=\"wp-block-embed__wrapper\">\n<iframe  style=\"display: block; margin: 0px auto;\"  id=\"_ytid_37240\"  width=\"640\" height=\"480\"  data-origwidth=\"640\" data-origheight=\"480\" src=\"https:\/\/www.youtube.com\/embed\/DU6b1CqWhGY?enablejsapi=1&#038;autoplay=0&#038;cc_load_policy=0&#038;cc_lang_pref=&#038;iv_load_policy=1&#038;loop=0&#038;rel=1&#038;fs=1&#038;playsinline=0&#038;autohide=2&#038;theme=dark&#038;color=red&#038;controls=1&#038;disablekb=0&#038;\" class=\"__youtube_prefs__  epyt-is-override  no-lazyload\" title=\"YouTube player\"  allow=\"fullscreen; accelerometer; autoplay; clipboard-write; encrypted-media; gyroscope; picture-in-picture; web-share\" referrerpolicy=\"strict-origin-when-cross-origin\" allowfullscreen data-no-lazy=\"1\" data-skipgform_ajax_framebjll=\"\"><\/iframe>\n<\/div><\/figure>\n\n\n\n<figure class=\"wp-block-image size-large\"><img decoding=\"async\" width=\"576\" height=\"1024\" data-attachment-id=\"83208\" data-permalink=\"https:\/\/eldiariodesanpedro.com.ar\/sitio\/policia-vial-intercepto-a-dos-ciudadanos-extranjeros-con-una-caja-fuerte-dolares-negros-y-cocaina\/whatsapp-image-2020-11-06-at-09-23-36-1\/\" data-orig-file=\"https:\/\/eldiariodesanpedro.com.ar\/sitio\/wp-content\/uploads\/2020\/11\/WhatsApp-Image-2020-11-06-at-09.23.36-1.jpeg\" data-orig-size=\"581,1032\" data-comments-opened=\"1\" data-image-meta=\"{&quot;aperture&quot;:&quot;0&quot;,&quot;credit&quot;:&quot;&quot;,&quot;camera&quot;:&quot;&quot;,&quot;caption&quot;:&quot;&quot;,&quot;created_timestamp&quot;:&quot;0&quot;,&quot;copyright&quot;:&quot;&quot;,&quot;focal_length&quot;:&quot;0&quot;,&quot;iso&quot;:&quot;0&quot;,&quot;shutter_speed&quot;:&quot;0&quot;,&quot;title&quot;:&quot;&quot;,&quot;orientation&quot;:&quot;0&quot;}\" data-image-title=\"WhatsApp Image 2020-11-06 at 09.23.36 (1)\" data-image-description=\"\" data-image-caption=\"\" data-large-file=\"https:\/\/eldiariodesanpedro.com.ar\/sitio\/wp-content\/uploads\/2020\/11\/WhatsApp-Image-2020-11-06-at-09.23.36-1-576x1024.jpeg\" data-src=\"https:\/\/eldiariodesanpedro.com.ar\/sitio\/wp-content\/uploads\/2020\/11\/WhatsApp-Image-2020-11-06-at-09.23.36-1-576x1024.jpeg\" alt=\"\" class=\"wp-image-83208 lazyload\" data-srcset=\"https:\/\/eldiariodesanpedro.com.ar\/sitio\/wp-content\/uploads\/2020\/11\/WhatsApp-Image-2020-11-06-at-09.23.36-1-576x1024.jpeg 576w, https:\/\/eldiariodesanpedro.com.ar\/sitio\/wp-content\/uploads\/2020\/11\/WhatsApp-Image-2020-11-06-at-09.23.36-1-169x300.jpeg 169w, https:\/\/eldiariodesanpedro.com.ar\/sitio\/wp-content\/uploads\/2020\/11\/WhatsApp-Image-2020-11-06-at-09.23.36-1.jpeg 581w\" data-sizes=\"(max-width: 576px) 100vw, 576px\" src=\"data:image\/svg+xml;base64,PHN2ZyB3aWR0aD0iMSIgaGVpZ2h0PSIxIiB4bWxucz0iaHR0cDovL3d3dy53My5vcmcvMjAwMC9zdmciPjwvc3ZnPg==\" style=\"--smush-placeholder-width: 576px; --smush-placeholder-aspect-ratio: 576\/1024;\" \/><\/figure>\n\n\n\n<figure class=\"wp-block-image size-large\"><img decoding=\"async\" width=\"576\" height=\"1024\" data-attachment-id=\"83209\" data-permalink=\"https:\/\/eldiariodesanpedro.com.ar\/sitio\/policia-vial-intercepto-a-dos-ciudadanos-extranjeros-con-una-caja-fuerte-dolares-negros-y-cocaina\/whatsapp-image-2020-11-06-at-09-23-36\/\" data-orig-file=\"https:\/\/eldiariodesanpedro.com.ar\/sitio\/wp-content\/uploads\/2020\/11\/WhatsApp-Image-2020-11-06-at-09.23.36.jpeg\" data-orig-size=\"581,1032\" data-comments-opened=\"1\" data-image-meta=\"{&quot;aperture&quot;:&quot;0&quot;,&quot;credit&quot;:&quot;&quot;,&quot;camera&quot;:&quot;&quot;,&quot;caption&quot;:&quot;&quot;,&quot;created_timestamp&quot;:&quot;0&quot;,&quot;copyright&quot;:&quot;&quot;,&quot;focal_length&quot;:&quot;0&quot;,&quot;iso&quot;:&quot;0&quot;,&quot;shutter_speed&quot;:&quot;0&quot;,&quot;title&quot;:&quot;&quot;,&quot;orientation&quot;:&quot;0&quot;}\" data-image-title=\"WhatsApp Image 2020-11-06 at 09.23.36\" data-image-description=\"\" data-image-caption=\"\" data-large-file=\"https:\/\/eldiariodesanpedro.com.ar\/sitio\/wp-content\/uploads\/2020\/11\/WhatsApp-Image-2020-11-06-at-09.23.36-576x1024.jpeg\" data-src=\"https:\/\/eldiariodesanpedro.com.ar\/sitio\/wp-content\/uploads\/2020\/11\/WhatsApp-Image-2020-11-06-at-09.23.36-576x1024.jpeg\" alt=\"\" class=\"wp-image-83209 lazyload\" data-srcset=\"https:\/\/eldiariodesanpedro.com.ar\/sitio\/wp-content\/uploads\/2020\/11\/WhatsApp-Image-2020-11-06-at-09.23.36-576x1024.jpeg 576w, https:\/\/eldiariodesanpedro.com.ar\/sitio\/wp-content\/uploads\/2020\/11\/WhatsApp-Image-2020-11-06-at-09.23.36-169x300.jpeg 169w, https:\/\/eldiariodesanpedro.com.ar\/sitio\/wp-content\/uploads\/2020\/11\/WhatsApp-Image-2020-11-06-at-09.23.36.jpeg 581w\" data-sizes=\"(max-width: 576px) 100vw, 576px\" src=\"data:image\/svg+xml;base64,PHN2ZyB3aWR0aD0iMSIgaGVpZ2h0PSIxIiB4bWxucz0iaHR0cDovL3d3dy53My5vcmcvMjAwMC9zdmciPjwvc3ZnPg==\" style=\"--smush-placeholder-width: 576px; --smush-placeholder-aspect-ratio: 576\/1024;\" \/><\/figure>\n","protected":false},"excerpt":{"rendered":"<p>Este jueves la polic\u00eda del destacamento vial apostado sobre ruta 9 km 153 a cargo de Diego Guzman realiz\u00f3 la aprehensi\u00f3n de un ciudadano que trasladaba estupefacientes y una caja fuerte embalada cerrada con candado que en el interior llevaba unos envoltorios conocidos en la jerga como \u00abdolares negros\u00bb fajos de cartones que podr\u00edan ser [&hellip;]<\/p>\n","protected":false},"author":4,"featured_media":83207,"comment_status":"open","ping_status":"closed","sticky":false,"template":"","format":"standard","meta":{"om_disable_all_campaigns":false,"_jetpack_memberships_contains_paid_content":false,"footnotes":""},"categories":[50,2,103],"tags":[197,33,95],"class_list":["post-83206","post","type-post","status-publish","format-standard","has-post-thumbnail","hentry","category-destacadas","category-locales","category-policiales-locales","tag-buenos-aires","tag-locales","tag-policiales"],"aioseo_notices":[],"gutentor_comment":0,"jetpack_featured_media_url":"https:\/\/eldiariodesanpedro.com.ar\/sitio\/wp-content\/uploads\/2020\/11\/Sin-titulo-2.jpg","jetpack_shortlink":"https:\/\/wp.me\/p6RhLt-lE2","jetpack_sharing_enabled":true,"_links":{"self":[{"href":"https:\/\/eldiariodesanpedro.com.ar\/sitio\/wp-json\/wp\/v2\/posts\/83206","targetHints":{"allow":["GET"]}}],"collection":[{"href":"https:\/\/eldiariodesanpedro.com.ar\/sitio\/wp-json\/wp\/v2\/posts"}],"about":[{"href":"https:\/\/eldiariodesanpedro.com.ar\/sitio\/wp-json\/wp\/v2\/types\/post"}],"author":[{"embeddable":true,"href":"https:\/\/eldiariodesanpedro.com.ar\/sitio\/wp-json\/wp\/v2\/users\/4"}],"replies":[{"embeddable":true,"href":"https:\/\/eldiariodesanpedro.com.ar\/sitio\/wp-json\/wp\/v2\/comments?post=83206"}],"version-history":[{"count":1,"href":"https:\/\/eldiariodesanpedro.com.ar\/sitio\/wp-json\/wp\/v2\/posts\/83206\/revisions"}],"predecessor-version":[{"id":83210,"href":"https:\/\/eldiariodesanpedro.com.ar\/sitio\/wp-json\/wp\/v2\/posts\/83206\/revisions\/83210"}],"wp:featuredmedia":[{"embeddable":true,"href":"https:\/\/eldiariodesanpedro.com.ar\/sitio\/wp-json\/wp\/v2\/media\/83207"}],"wp:attachment":[{"href":"https:\/\/eldiariodesanpedro.com.ar\/sitio\/wp-json\/wp\/v2\/media?parent=83206"}],"wp:term":[{"taxonomy":"category","embeddable":true,"href":"https:\/\/eldiariodesanpedro.com.ar\/sitio\/wp-json\/wp\/v2\/categories?post=83206"},{"taxonomy":"post_tag","embeddable":true,"href":"https:\/\/eldiariodesanpedro.com.ar\/sitio\/wp-json\/wp\/v2\/tags?post=83206"}],"curies":[{"name":"wp","href":"https:\/\/api.w.org\/{rel}","templated":true}]}}