{"id":83200,"date":"2020-11-06T09:41:51","date_gmt":"2020-11-06T12:41:51","guid":{"rendered":"https:\/\/eldiariodesanpedro.com.ar\/sitio\/?p=83200"},"modified":"2020-11-06T09:41:52","modified_gmt":"2020-11-06T12:41:52","slug":"padel-independencia-fc-tendra-la-primera-cancha-de-blindex-de-la-ciudad","status":"publish","type":"post","link":"https:\/\/eldiariodesanpedro.com.ar\/sitio\/padel-independencia-fc-tendra-la-primera-cancha-de-blindex-de-la-ciudad\/","title":{"rendered":"Padel: Independencia FC tendr\u00e1 la primera cancha de blindex de la ciudad"},"content":{"rendered":"<!-- VideographyWP Plugin Message: Automatic video embedding prevented by plugin options. -->\n\n<p>Los cuatro lados ser\u00e1n de vidrio. Lo confirm\u00f3 su presidente Rub\u00e9n Pascual en el aire de FM G\u00e9nesis. La misma funcionar\u00e1 en el gimnasio lateral y se sumar\u00e1 a la que ya tiene la instituci\u00f3n al aire libre.<\/p>\n\n\n\n<p>No cabe ninguna duda que el Padel en San Pedro ha logrado generar un buen inter\u00e9s y en la actualidad son muchas los jugadores que lo practican.<\/p>\n\n\n\n<p>Los propietarios y responsables de los espacios aseguran que la cantidad de canchas que funcionan no alcanzan y existen varios proyectos para construir algunas m\u00e1s y ampliar el cupo de turnos disponibles.<\/p>\n\n\n\n<p>Una de las instituciones que decidi\u00f3 hacerlo es Independencia F\u00fatbol Club, quien de la mano de su concesionario apost\u00f3 desde hace un tiempo a revalorizar la cancha que la entidad siempre tuvo al aire libre en la esquina de La Laguna y Ayacucho e imponerla hoy como de los escenarios m\u00e1s requeridos.<\/p>\n\n\n\n<p>Ahora, con una fuerte apuesta econ\u00f3mica, resolvieron proyectar una cancha de padel construida por completo en blindex, como lo hacen los mejores escenarios del mundo, y brindar un servicio diferente y de primer nivel. El presidente de \u201cLa I\u201d, Rub\u00e9n Pascual, coment\u00f3 que la cancha se instalar\u00e1 en el gimnasio que la instituci\u00f3n posee sobre el lateral del sal\u00f3n principal, con ingreso por la calle Gral. Pueyrred\u00f3n, y brindar\u00e1 todos los servicios.<\/p>\n\n\n\n<p>De esta manera, Independencia, se constituye como la primera instituci\u00f3n de la ciudad en contar con una cancha construida en blindex.<\/p>\n\n\n\n<p>A lo largo de los a\u00f1os, y en el momento de mayor auge del Padel, hubo algunos complejos que apostaron al blindex pero aplicado sobre el mismo pared\u00f3n de juego. El iniciador fue Mario Corleto en la cancha principal del emblem\u00e1tico \u201cViejo Aserradero\u201d y luego le siguieron Alfredo Diamante en \u201cMarote Padel\u201d y An\u00edbal Bennazar en \u201cComplejo Padel\u201d.<\/p>\n\n\n\n<p>En los pr\u00f3ximos d\u00edas desde IFC se brindar\u00e1n mayores detalles sobre este atractivo proyecto deportivo que significa todo un desaf\u00edo de quienes est\u00e1n a cargo de las canchas y una apuesta fuerte a ganar en calidad. &nbsp;<\/p>\n","protected":false},"excerpt":{"rendered":"<p>Los cuatro lados ser\u00e1n de vidrio. Lo confirm\u00f3 su presidente Rub\u00e9n Pascual en el aire de FM G\u00e9nesis. La misma funcionar\u00e1 en el gimnasio lateral y se sumar\u00e1 a la que ya tiene la instituci\u00f3n al aire libre. No cabe ninguna duda que el Padel en San Pedro ha logrado generar un buen inter\u00e9s y [&hellip;]<\/p>\n","protected":false},"author":4,"featured_media":83201,"comment_status":"open","ping_status":"closed","sticky":false,"template":"","format":"standard","meta":{"om_disable_all_campaigns":false,"_jetpack_memberships_contains_paid_content":false,"footnotes":""},"categories":[101,2],"tags":[197,696,33],"class_list":["post-83200","post","type-post","status-publish","format-standard","has-post-thumbnail","hentry","category-interes-general-locales","category-locales","tag-buenos-aires","tag-interes-general","tag-locales"],"aioseo_notices":[],"gutentor_comment":0,"jetpack_featured_media_url":"https:\/\/eldiariodesanpedro.com.ar\/sitio\/wp-content\/uploads\/2020\/11\/000087993.jpg","jetpack_shortlink":"https:\/\/wp.me\/p6RhLt-lDW","jetpack_sharing_enabled":true,"_links":{"self":[{"href":"https:\/\/eldiariodesanpedro.com.ar\/sitio\/wp-json\/wp\/v2\/posts\/83200","targetHints":{"allow":["GET"]}}],"collection":[{"href":"https:\/\/eldiariodesanpedro.com.ar\/sitio\/wp-json\/wp\/v2\/posts"}],"about":[{"href":"https:\/\/eldiariodesanpedro.com.ar\/sitio\/wp-json\/wp\/v2\/types\/post"}],"author":[{"embeddable":true,"href":"https:\/\/eldiariodesanpedro.com.ar\/sitio\/wp-json\/wp\/v2\/users\/4"}],"replies":[{"embeddable":true,"href":"https:\/\/eldiariodesanpedro.com.ar\/sitio\/wp-json\/wp\/v2\/comments?post=83200"}],"version-history":[{"count":1,"href":"https:\/\/eldiariodesanpedro.com.ar\/sitio\/wp-json\/wp\/v2\/posts\/83200\/revisions"}],"predecessor-version":[{"id":83202,"href":"https:\/\/eldiariodesanpedro.com.ar\/sitio\/wp-json\/wp\/v2\/posts\/83200\/revisions\/83202"}],"wp:featuredmedia":[{"embeddable":true,"href":"https:\/\/eldiariodesanpedro.com.ar\/sitio\/wp-json\/wp\/v2\/media\/83201"}],"wp:attachment":[{"href":"https:\/\/eldiariodesanpedro.com.ar\/sitio\/wp-json\/wp\/v2\/media?parent=83200"}],"wp:term":[{"taxonomy":"category","embeddable":true,"href":"https:\/\/eldiariodesanpedro.com.ar\/sitio\/wp-json\/wp\/v2\/categories?post=83200"},{"taxonomy":"post_tag","embeddable":true,"href":"https:\/\/eldiariodesanpedro.com.ar\/sitio\/wp-json\/wp\/v2\/tags?post=83200"}],"curies":[{"name":"wp","href":"https:\/\/api.w.org\/{rel}","templated":true}]}}