{"id":83192,"date":"2020-11-06T09:36:25","date_gmt":"2020-11-06T12:36:25","guid":{"rendered":"https:\/\/eldiariodesanpedro.com.ar\/sitio\/?p=83192"},"modified":"2020-11-06T09:37:59","modified_gmt":"2020-11-06T12:37:59","slug":"visita-a-galpones-de-empaque-en-el-comienzo-de-la-cosecha-de-duraznos","status":"publish","type":"post","link":"https:\/\/eldiariodesanpedro.com.ar\/sitio\/visita-a-galpones-de-empaque-en-el-comienzo-de-la-cosecha-de-duraznos\/","title":{"rendered":"Visita a galpones de empaque en el comienzo de la cosecha de duraznos"},"content":{"rendered":"<!-- VideographyWP Plugin Message: Automatic video embedding prevented by plugin options. -->\n\n<p>Con condiciones muy favorables en cuanto a calidad y a mercados para los pr\u00f3ximos meses, la producci\u00f3n de duraznos del Partido de San Pedro ingresa en una etapa sumamente importante, por la generaci\u00f3n de puestos de trabajo y la movilizaci\u00f3n que esta tradicional actividad productiva aporte a la econom\u00eda de San Pedro.<\/p>\n\n\n\n<p>El Intendente Cecilio Salazar, el Secretario de Desarrollo Econ\u00f3mico Alfredo Camilletti, el Coordinador de Producci\u00f3n Hugo Ram\u00edrez y algunos colaboradores, realizaron hoy una primera recorrida por los establecimientos del Partido.<\/p>\n\n\n\n<p>Entre otras instalaciones visitaron la firma Tom-Jug en donde dialogaron con sus responsables y con el personal que est\u00e1 trabajando en el empaque de las cajas que comienzan a ser distribuidas a trav\u00e9s de diferentes canales de comercializaci\u00f3n.<\/p>\n\n\n\n<p>Los especialistas coinciden en destacar que afortunadamente San Pedro podr\u00e1 ofrecer una de sus frutas m\u00e1s caracter\u00edsticas con excelente calidad, consolidando la recuperaci\u00f3n de la fruticultura que ha sido, desde el comienzo de la gesti\u00f3n, una de las premisas fundamentales.<\/p>\n\n\n\n<p>Durante los pr\u00f3ximos d\u00edas estas visitas seguir\u00e1n sucedi\u00e9ndose para respaldar a los productores y a los trabajadores de nuestro San Pedro.<\/p>\n\n\n\n<figure class=\"wp-block-image size-large\"><img decoding=\"async\" width=\"1024\" height=\"484\" data-attachment-id=\"83196\" data-permalink=\"https:\/\/eldiariodesanpedro.com.ar\/sitio\/visita-a-galpones-de-empaque-en-el-comienzo-de-la-cosecha-de-duraznos\/whatsapp-image-2020-11-06-at-09-24-13-2\/\" data-orig-file=\"https:\/\/eldiariodesanpedro.com.ar\/sitio\/wp-content\/uploads\/2020\/11\/WhatsApp-Image-2020-11-06-at-09.24.13-2.jpeg\" data-orig-size=\"1280,605\" data-comments-opened=\"1\" data-image-meta=\"{&quot;aperture&quot;:&quot;0&quot;,&quot;credit&quot;:&quot;&quot;,&quot;camera&quot;:&quot;&quot;,&quot;caption&quot;:&quot;&quot;,&quot;created_timestamp&quot;:&quot;0&quot;,&quot;copyright&quot;:&quot;&quot;,&quot;focal_length&quot;:&quot;0&quot;,&quot;iso&quot;:&quot;0&quot;,&quot;shutter_speed&quot;:&quot;0&quot;,&quot;title&quot;:&quot;&quot;,&quot;orientation&quot;:&quot;0&quot;}\" data-image-title=\"WhatsApp Image 2020-11-06 at 09.24.13 (2)\" data-image-description=\"\" data-image-caption=\"\" data-large-file=\"https:\/\/eldiariodesanpedro.com.ar\/sitio\/wp-content\/uploads\/2020\/11\/WhatsApp-Image-2020-11-06-at-09.24.13-2-1024x484.jpeg\" data-src=\"https:\/\/eldiariodesanpedro.com.ar\/sitio\/wp-content\/uploads\/2020\/11\/WhatsApp-Image-2020-11-06-at-09.24.13-2-1024x484.jpeg\" alt=\"\" class=\"wp-image-83196 lazyload\" data-srcset=\"https:\/\/eldiariodesanpedro.com.ar\/sitio\/wp-content\/uploads\/2020\/11\/WhatsApp-Image-2020-11-06-at-09.24.13-2-1024x484.jpeg 1024w, https:\/\/eldiariodesanpedro.com.ar\/sitio\/wp-content\/uploads\/2020\/11\/WhatsApp-Image-2020-11-06-at-09.24.13-2-300x142.jpeg 300w, https:\/\/eldiariodesanpedro.com.ar\/sitio\/wp-content\/uploads\/2020\/11\/WhatsApp-Image-2020-11-06-at-09.24.13-2-768x363.jpeg 768w, https:\/\/eldiariodesanpedro.com.ar\/sitio\/wp-content\/uploads\/2020\/11\/WhatsApp-Image-2020-11-06-at-09.24.13-2.jpeg 1280w\" data-sizes=\"(max-width: 1024px) 100vw, 1024px\" src=\"data:image\/svg+xml;base64,PHN2ZyB3aWR0aD0iMSIgaGVpZ2h0PSIxIiB4bWxucz0iaHR0cDovL3d3dy53My5vcmcvMjAwMC9zdmciPjwvc3ZnPg==\" style=\"--smush-placeholder-width: 1024px; --smush-placeholder-aspect-ratio: 1024\/484;\" \/><\/figure>\n\n\n\n<figure class=\"wp-block-image size-large\"><img decoding=\"async\" width=\"1024\" height=\"484\" data-attachment-id=\"83195\" data-permalink=\"https:\/\/eldiariodesanpedro.com.ar\/sitio\/visita-a-galpones-de-empaque-en-el-comienzo-de-la-cosecha-de-duraznos\/whatsapp-image-2020-11-06-at-09-24-13-1\/\" data-orig-file=\"https:\/\/eldiariodesanpedro.com.ar\/sitio\/wp-content\/uploads\/2020\/11\/WhatsApp-Image-2020-11-06-at-09.24.13-1.jpeg\" data-orig-size=\"1280,605\" data-comments-opened=\"1\" data-image-meta=\"{&quot;aperture&quot;:&quot;0&quot;,&quot;credit&quot;:&quot;&quot;,&quot;camera&quot;:&quot;&quot;,&quot;caption&quot;:&quot;&quot;,&quot;created_timestamp&quot;:&quot;0&quot;,&quot;copyright&quot;:&quot;&quot;,&quot;focal_length&quot;:&quot;0&quot;,&quot;iso&quot;:&quot;0&quot;,&quot;shutter_speed&quot;:&quot;0&quot;,&quot;title&quot;:&quot;&quot;,&quot;orientation&quot;:&quot;0&quot;}\" data-image-title=\"WhatsApp Image 2020-11-06 at 09.24.13 (1)\" data-image-description=\"\" data-image-caption=\"\" data-large-file=\"https:\/\/eldiariodesanpedro.com.ar\/sitio\/wp-content\/uploads\/2020\/11\/WhatsApp-Image-2020-11-06-at-09.24.13-1-1024x484.jpeg\" data-src=\"https:\/\/eldiariodesanpedro.com.ar\/sitio\/wp-content\/uploads\/2020\/11\/WhatsApp-Image-2020-11-06-at-09.24.13-1-1024x484.jpeg\" alt=\"\" class=\"wp-image-83195 lazyload\" data-srcset=\"https:\/\/eldiariodesanpedro.com.ar\/sitio\/wp-content\/uploads\/2020\/11\/WhatsApp-Image-2020-11-06-at-09.24.13-1-1024x484.jpeg 1024w, https:\/\/eldiariodesanpedro.com.ar\/sitio\/wp-content\/uploads\/2020\/11\/WhatsApp-Image-2020-11-06-at-09.24.13-1-300x142.jpeg 300w, https:\/\/eldiariodesanpedro.com.ar\/sitio\/wp-content\/uploads\/2020\/11\/WhatsApp-Image-2020-11-06-at-09.24.13-1-768x363.jpeg 768w, https:\/\/eldiariodesanpedro.com.ar\/sitio\/wp-content\/uploads\/2020\/11\/WhatsApp-Image-2020-11-06-at-09.24.13-1.jpeg 1280w\" data-sizes=\"(max-width: 1024px) 100vw, 1024px\" src=\"data:image\/svg+xml;base64,PHN2ZyB3aWR0aD0iMSIgaGVpZ2h0PSIxIiB4bWxucz0iaHR0cDovL3d3dy53My5vcmcvMjAwMC9zdmciPjwvc3ZnPg==\" style=\"--smush-placeholder-width: 1024px; --smush-placeholder-aspect-ratio: 1024\/484;\" \/><\/figure>\n\n\n\n<figure class=\"wp-block-image size-large\"><img decoding=\"async\" width=\"1024\" height=\"484\" data-attachment-id=\"83194\" data-permalink=\"https:\/\/eldiariodesanpedro.com.ar\/sitio\/visita-a-galpones-de-empaque-en-el-comienzo-de-la-cosecha-de-duraznos\/whatsapp-image-2020-11-06-at-09-24-12\/\" data-orig-file=\"https:\/\/eldiariodesanpedro.com.ar\/sitio\/wp-content\/uploads\/2020\/11\/WhatsApp-Image-2020-11-06-at-09.24.12.jpeg\" data-orig-size=\"1280,605\" data-comments-opened=\"1\" data-image-meta=\"{&quot;aperture&quot;:&quot;0&quot;,&quot;credit&quot;:&quot;&quot;,&quot;camera&quot;:&quot;&quot;,&quot;caption&quot;:&quot;&quot;,&quot;created_timestamp&quot;:&quot;0&quot;,&quot;copyright&quot;:&quot;&quot;,&quot;focal_length&quot;:&quot;0&quot;,&quot;iso&quot;:&quot;0&quot;,&quot;shutter_speed&quot;:&quot;0&quot;,&quot;title&quot;:&quot;&quot;,&quot;orientation&quot;:&quot;0&quot;}\" data-image-title=\"WhatsApp Image 2020-11-06 at 09.24.12\" data-image-description=\"\" data-image-caption=\"\" data-large-file=\"https:\/\/eldiariodesanpedro.com.ar\/sitio\/wp-content\/uploads\/2020\/11\/WhatsApp-Image-2020-11-06-at-09.24.12-1024x484.jpeg\" data-src=\"https:\/\/eldiariodesanpedro.com.ar\/sitio\/wp-content\/uploads\/2020\/11\/WhatsApp-Image-2020-11-06-at-09.24.12-1024x484.jpeg\" alt=\"\" class=\"wp-image-83194 lazyload\" data-srcset=\"https:\/\/eldiariodesanpedro.com.ar\/sitio\/wp-content\/uploads\/2020\/11\/WhatsApp-Image-2020-11-06-at-09.24.12-1024x484.jpeg 1024w, https:\/\/eldiariodesanpedro.com.ar\/sitio\/wp-content\/uploads\/2020\/11\/WhatsApp-Image-2020-11-06-at-09.24.12-300x142.jpeg 300w, https:\/\/eldiariodesanpedro.com.ar\/sitio\/wp-content\/uploads\/2020\/11\/WhatsApp-Image-2020-11-06-at-09.24.12-768x363.jpeg 768w, https:\/\/eldiariodesanpedro.com.ar\/sitio\/wp-content\/uploads\/2020\/11\/WhatsApp-Image-2020-11-06-at-09.24.12.jpeg 1280w\" data-sizes=\"(max-width: 1024px) 100vw, 1024px\" src=\"data:image\/svg+xml;base64,PHN2ZyB3aWR0aD0iMSIgaGVpZ2h0PSIxIiB4bWxucz0iaHR0cDovL3d3dy53My5vcmcvMjAwMC9zdmciPjwvc3ZnPg==\" style=\"--smush-placeholder-width: 1024px; --smush-placeholder-aspect-ratio: 1024\/484;\" \/><\/figure>\n","protected":false},"excerpt":{"rendered":"<p>Con condiciones muy favorables en cuanto a calidad y a mercados para los pr\u00f3ximos meses, la producci\u00f3n de duraznos del Partido de San Pedro ingresa en una etapa sumamente importante, por la generaci\u00f3n de puestos de trabajo y la movilizaci\u00f3n que esta tradicional actividad productiva aporte a la econom\u00eda de San Pedro. El Intendente Cecilio [&hellip;]<\/p>\n","protected":false},"author":4,"featured_media":83198,"comment_status":"open","ping_status":"closed","sticky":false,"template":"","format":"standard","meta":{"om_disable_all_campaigns":false,"_jetpack_memberships_contains_paid_content":false,"footnotes":""},"categories":[50,101,2],"tags":[],"class_list":["post-83192","post","type-post","status-publish","format-standard","has-post-thumbnail","hentry","category-destacadas","category-interes-general-locales","category-locales"],"aioseo_notices":[],"gutentor_comment":0,"jetpack_featured_media_url":"https:\/\/eldiariodesanpedro.com.ar\/sitio\/wp-content\/uploads\/2020\/11\/WhatsApp-Image-2020-11-06-at-09.24.13.jpeg","jetpack_shortlink":"https:\/\/wp.me\/p6RhLt-lDO","jetpack_sharing_enabled":true,"_links":{"self":[{"href":"https:\/\/eldiariodesanpedro.com.ar\/sitio\/wp-json\/wp\/v2\/posts\/83192","targetHints":{"allow":["GET"]}}],"collection":[{"href":"https:\/\/eldiariodesanpedro.com.ar\/sitio\/wp-json\/wp\/v2\/posts"}],"about":[{"href":"https:\/\/eldiariodesanpedro.com.ar\/sitio\/wp-json\/wp\/v2\/types\/post"}],"author":[{"embeddable":true,"href":"https:\/\/eldiariodesanpedro.com.ar\/sitio\/wp-json\/wp\/v2\/users\/4"}],"replies":[{"embeddable":true,"href":"https:\/\/eldiariodesanpedro.com.ar\/sitio\/wp-json\/wp\/v2\/comments?post=83192"}],"version-history":[{"count":2,"href":"https:\/\/eldiariodesanpedro.com.ar\/sitio\/wp-json\/wp\/v2\/posts\/83192\/revisions"}],"predecessor-version":[{"id":83199,"href":"https:\/\/eldiariodesanpedro.com.ar\/sitio\/wp-json\/wp\/v2\/posts\/83192\/revisions\/83199"}],"wp:featuredmedia":[{"embeddable":true,"href":"https:\/\/eldiariodesanpedro.com.ar\/sitio\/wp-json\/wp\/v2\/media\/83198"}],"wp:attachment":[{"href":"https:\/\/eldiariodesanpedro.com.ar\/sitio\/wp-json\/wp\/v2\/media?parent=83192"}],"wp:term":[{"taxonomy":"category","embeddable":true,"href":"https:\/\/eldiariodesanpedro.com.ar\/sitio\/wp-json\/wp\/v2\/categories?post=83192"},{"taxonomy":"post_tag","embeddable":true,"href":"https:\/\/eldiariodesanpedro.com.ar\/sitio\/wp-json\/wp\/v2\/tags?post=83192"}],"curies":[{"name":"wp","href":"https:\/\/api.w.org\/{rel}","templated":true}]}}