{"id":83187,"date":"2020-11-05T22:12:49","date_gmt":"2020-11-06T01:12:49","guid":{"rendered":"https:\/\/eldiariodesanpedro.com.ar\/sitio\/?p=83187"},"modified":"2020-11-05T22:12:50","modified_gmt":"2020-11-06T01:12:50","slug":"se-recibieron-16-negativos-y-9-positivos-activos-109-pacientes","status":"publish","type":"post","link":"https:\/\/eldiariodesanpedro.com.ar\/sitio\/se-recibieron-16-negativos-y-9-positivos-activos-109-pacientes\/","title":{"rendered":"Se recibieron 16 negativos y 9 positivos, activos 109 pacientes"},"content":{"rendered":"<!-- VideographyWP Plugin Message: Automatic video embedding prevented by plugin options. -->\n\n<p>La Secretar\u00eda de Salud de la Municipalidad de San Pedro informa la actualizaci\u00f3n de seguimiento a la Pandemia de Covid-19.<br><br>INFORME DIARIO<br>La Secretar\u00eda de Salud comparte el informe, hasta el momento, de actualizaci\u00f3n correspondiente a los \u00faltimos ex\u00e1menes remitidos a los diferentes laboratorios que procesan muestras.<br>Se recibieron 22 resultados de las muestras enviadas al Laboratorio Central Lab el d\u00eda 4 de noviembre, que sumaron 15 resultados negativos y 7 resultados positivos.<br>Los nuevos positivos corresponden a mujeres de 24 y 73 a\u00f1os; y hombres de 24, 51, 52, 60 y 62 a\u00f1os.<br>Desde el Laboratorio del Hospital SADIV, fue recibido 1 resultado negativo y 2 resultados positivos en hombres de 19 y 36 a\u00f1os.<\/p>\n\n\n\n<p>Total de nuevos positivos: 9<br>Total de nuevos negativos: 16<\/p>\n\n\n\n<p>FALLECIMIENTOS<br>En el d\u00eda de hoy se inform\u00f3 el deceso del Sr. Alberto Antonio Sanso, de 80 a\u00f1os, diagnosticado como caso positivo de Covid-19.<br>Hacemos llegar a su familia y seres queridos nuestras m\u00e1s sinceras condolencias.<\/p>\n\n\n\n<p>Resumen actualizado de informaci\u00f3n oficial<br>Positivos desde el inicio de la Pandemia: 1600<br>Activos: 109<br>Recuperados: 1439<br>Fallecidos: 52<br>\u00daltimo env\u00edo de muestras: 00<br>Muestras pendientes: 5<br>Negativos desde el inicio de la Pandemia: 1950<br><\/p>\n\n\n\n<p>Los datos consignados en este informe corresponden a ex\u00e1menes realizados por PCR.<br>&#x1f449; Usar tapabocas.<br>&#x1f449; Mantener la distancia m\u00ednima de 2 metros.<br>&#x1f449; Extremar la higiene de los espacios.<br>&#x1f449; Mantener las manos limpias.<\/p>\n\n\n\n<p>Se recuerda que, ante s\u00edntomas de tos seca, fiebre y dolor de garganta y la probabilidad de haber estado en contacto con enfermos o viajeros llegados desde las zonas transmisi\u00f3n local o comunitaria se puede llamar al 148 o 107.<\/p>\n\n\n\n<figure class=\"wp-block-image size-large\"><img decoding=\"async\" width=\"1024\" height=\"992\" data-attachment-id=\"83188\" data-permalink=\"https:\/\/eldiariodesanpedro.com.ar\/sitio\/se-recibieron-16-negativos-y-9-positivos-activos-109-pacientes\/whatsapp-image-2020-11-05-at-22-04-03\/\" data-orig-file=\"https:\/\/eldiariodesanpedro.com.ar\/sitio\/wp-content\/uploads\/2020\/11\/WhatsApp-Image-2020-11-05-at-22.04.03.jpeg\" data-orig-size=\"1280,1240\" data-comments-opened=\"1\" data-image-meta=\"{&quot;aperture&quot;:&quot;0&quot;,&quot;credit&quot;:&quot;&quot;,&quot;camera&quot;:&quot;&quot;,&quot;caption&quot;:&quot;&quot;,&quot;created_timestamp&quot;:&quot;0&quot;,&quot;copyright&quot;:&quot;&quot;,&quot;focal_length&quot;:&quot;0&quot;,&quot;iso&quot;:&quot;0&quot;,&quot;shutter_speed&quot;:&quot;0&quot;,&quot;title&quot;:&quot;&quot;,&quot;orientation&quot;:&quot;0&quot;}\" data-image-title=\"WhatsApp-Image-2020-11-05-at-22.04.03\" data-image-description=\"\" data-image-caption=\"\" data-large-file=\"https:\/\/eldiariodesanpedro.com.ar\/sitio\/wp-content\/uploads\/2020\/11\/WhatsApp-Image-2020-11-05-at-22.04.03-1024x992.jpeg\" data-src=\"https:\/\/eldiariodesanpedro.com.ar\/sitio\/wp-content\/uploads\/2020\/11\/WhatsApp-Image-2020-11-05-at-22.04.03-1024x992.jpeg\" alt=\"\" class=\"wp-image-83188 lazyload\" data-srcset=\"https:\/\/eldiariodesanpedro.com.ar\/sitio\/wp-content\/uploads\/2020\/11\/WhatsApp-Image-2020-11-05-at-22.04.03-1024x992.jpeg 1024w, https:\/\/eldiariodesanpedro.com.ar\/sitio\/wp-content\/uploads\/2020\/11\/WhatsApp-Image-2020-11-05-at-22.04.03-300x291.jpeg 300w, https:\/\/eldiariodesanpedro.com.ar\/sitio\/wp-content\/uploads\/2020\/11\/WhatsApp-Image-2020-11-05-at-22.04.03-768x744.jpeg 768w, https:\/\/eldiariodesanpedro.com.ar\/sitio\/wp-content\/uploads\/2020\/11\/WhatsApp-Image-2020-11-05-at-22.04.03.jpeg 1280w\" data-sizes=\"(max-width: 1024px) 100vw, 1024px\" src=\"data:image\/svg+xml;base64,PHN2ZyB3aWR0aD0iMSIgaGVpZ2h0PSIxIiB4bWxucz0iaHR0cDovL3d3dy53My5vcmcvMjAwMC9zdmciPjwvc3ZnPg==\" style=\"--smush-placeholder-width: 1024px; --smush-placeholder-aspect-ratio: 1024\/992;\" \/><\/figure>\n","protected":false},"excerpt":{"rendered":"<p>La Secretar\u00eda de Salud de la Municipalidad de San Pedro informa la actualizaci\u00f3n de seguimiento a la Pandemia de Covid-19. INFORME DIARIOLa Secretar\u00eda de Salud comparte el informe, hasta el momento, de actualizaci\u00f3n correspondiente a los \u00faltimos ex\u00e1menes remitidos a los diferentes laboratorios que procesan muestras.Se recibieron 22 resultados de las muestras enviadas al Laboratorio [&hellip;]<\/p>\n","protected":false},"author":4,"featured_media":78783,"comment_status":"open","ping_status":"closed","sticky":false,"template":"","format":"standard","meta":{"om_disable_all_campaigns":false,"_jetpack_memberships_contains_paid_content":false,"footnotes":""},"categories":[50,101,2],"tags":[197,696,33],"class_list":["post-83187","post","type-post","status-publish","format-standard","has-post-thumbnail","hentry","category-destacadas","category-interes-general-locales","category-locales","tag-buenos-aires","tag-interes-general","tag-locales"],"aioseo_notices":[],"gutentor_comment":0,"jetpack_featured_media_url":"https:\/\/eldiariodesanpedro.com.ar\/sitio\/wp-content\/uploads\/2020\/08\/coronavirus-positivo-2.jpg","jetpack_shortlink":"https:\/\/wp.me\/p6RhLt-lDJ","jetpack_sharing_enabled":true,"_links":{"self":[{"href":"https:\/\/eldiariodesanpedro.com.ar\/sitio\/wp-json\/wp\/v2\/posts\/83187","targetHints":{"allow":["GET"]}}],"collection":[{"href":"https:\/\/eldiariodesanpedro.com.ar\/sitio\/wp-json\/wp\/v2\/posts"}],"about":[{"href":"https:\/\/eldiariodesanpedro.com.ar\/sitio\/wp-json\/wp\/v2\/types\/post"}],"author":[{"embeddable":true,"href":"https:\/\/eldiariodesanpedro.com.ar\/sitio\/wp-json\/wp\/v2\/users\/4"}],"replies":[{"embeddable":true,"href":"https:\/\/eldiariodesanpedro.com.ar\/sitio\/wp-json\/wp\/v2\/comments?post=83187"}],"version-history":[{"count":1,"href":"https:\/\/eldiariodesanpedro.com.ar\/sitio\/wp-json\/wp\/v2\/posts\/83187\/revisions"}],"predecessor-version":[{"id":83189,"href":"https:\/\/eldiariodesanpedro.com.ar\/sitio\/wp-json\/wp\/v2\/posts\/83187\/revisions\/83189"}],"wp:featuredmedia":[{"embeddable":true,"href":"https:\/\/eldiariodesanpedro.com.ar\/sitio\/wp-json\/wp\/v2\/media\/78783"}],"wp:attachment":[{"href":"https:\/\/eldiariodesanpedro.com.ar\/sitio\/wp-json\/wp\/v2\/media?parent=83187"}],"wp:term":[{"taxonomy":"category","embeddable":true,"href":"https:\/\/eldiariodesanpedro.com.ar\/sitio\/wp-json\/wp\/v2\/categories?post=83187"},{"taxonomy":"post_tag","embeddable":true,"href":"https:\/\/eldiariodesanpedro.com.ar\/sitio\/wp-json\/wp\/v2\/tags?post=83187"}],"curies":[{"name":"wp","href":"https:\/\/api.w.org\/{rel}","templated":true}]}}