{"id":83182,"date":"2020-11-05T18:31:11","date_gmt":"2020-11-05T21:31:11","guid":{"rendered":"https:\/\/eldiariodesanpedro.com.ar\/sitio\/?p=83182"},"modified":"2020-11-05T18:31:12","modified_gmt":"2020-11-05T21:31:12","slug":"amplio-operativo-sanitario-donde-visitaron-mas-de-600-casas-en-santa-lucia","status":"publish","type":"post","link":"https:\/\/eldiariodesanpedro.com.ar\/sitio\/amplio-operativo-sanitario-donde-visitaron-mas-de-600-casas-en-santa-lucia\/","title":{"rendered":"Amplio operativo sanitario donde visitaron mas de 600 casas en Santa Lucia"},"content":{"rendered":"<!-- VideographyWP Plugin Message: Automatic video embedding prevented by plugin options. -->\n\n<p>Personal de diferentes \u00e1reas de la Municipalidad, Regi\u00f3n Sanitaria, Cruz Roja y colaboradores cumplieron hoy en Santa Luc\u00eda con un amplio y efectivo operativo de Abordaje Territorial en el seguimiento y prevenci\u00f3n del Coronavirus.<\/p>\n\n\n\n<p>Se recorrieron 68 manzanas y 523 viviendas llegando a 1525 personas.<\/p>\n\n\n\n<p>Se detectaron 10 casos que generaron hisopados en domicilios y las medidas de prevenci\u00f3n correspondientes.<br>Adem\u00e1s en el espacio utilizado como base del operativo que efectuaron 150 testeos de anticuerpos cuyos resultados ser\u00e1n entregados en breve.<\/p>\n\n\n\n<p>Se agradece la participaci\u00f3n de todos los que se acercaron a colaborar, inclusive a concejales de los diferentes bloques pol\u00edticos que tambi\u00e9n se sumaron a la recorrida durante la jornada.<\/p>\n\n\n\n<p>La colaboraci\u00f3n de todos y todas en este despliegue hizo posible completar con \u00e9xito el operativo, recordando la importancia de continuar cumpliendo con todas las medidas de prevenci\u00f3n para transitar esta etapa de la Pandemia de Covid-19.<\/p>\n\n\n\n<figure class=\"wp-block-embed-facebook wp-block-embed is-type-rich is-provider-gestor-del-servicio\"><div class=\"wp-block-embed__wrapper\">\n<div class=\"fb-post\" data-href=\"https:\/\/www.facebook.com\/eldiario.desanpedro\/posts\/1426651640877304\" data-width=\"552\" style=\"background-color: #fff; display: inline-block;\"><\/div>\n<\/div><\/figure>\n","protected":false},"excerpt":{"rendered":"<p>Personal de diferentes \u00e1reas de la Municipalidad, Regi\u00f3n Sanitaria, Cruz Roja y colaboradores cumplieron hoy en Santa Luc\u00eda con un amplio y efectivo operativo de Abordaje Territorial en el seguimiento y prevenci\u00f3n del Coronavirus. Se recorrieron 68 manzanas y 523 viviendas llegando a 1525 personas. Se detectaron 10 casos que generaron hisopados en domicilios y [&hellip;]<\/p>\n","protected":false},"author":4,"featured_media":83183,"comment_status":"open","ping_status":"closed","sticky":false,"template":"","format":"standard","meta":{"om_disable_all_campaigns":false,"_jetpack_memberships_contains_paid_content":false,"footnotes":""},"categories":[50,101,2],"tags":[197,696,33],"class_list":["post-83182","post","type-post","status-publish","format-standard","has-post-thumbnail","hentry","category-destacadas","category-interes-general-locales","category-locales","tag-buenos-aires","tag-interes-general","tag-locales"],"aioseo_notices":[],"gutentor_comment":0,"jetpack_featured_media_url":"https:\/\/eldiariodesanpedro.com.ar\/sitio\/wp-content\/uploads\/2020\/11\/WhatsApp-Image-2020-11-05-at-18.17.34-1.jpeg","jetpack_shortlink":"https:\/\/wp.me\/p6RhLt-lDE","jetpack_sharing_enabled":true,"_links":{"self":[{"href":"https:\/\/eldiariodesanpedro.com.ar\/sitio\/wp-json\/wp\/v2\/posts\/83182","targetHints":{"allow":["GET"]}}],"collection":[{"href":"https:\/\/eldiariodesanpedro.com.ar\/sitio\/wp-json\/wp\/v2\/posts"}],"about":[{"href":"https:\/\/eldiariodesanpedro.com.ar\/sitio\/wp-json\/wp\/v2\/types\/post"}],"author":[{"embeddable":true,"href":"https:\/\/eldiariodesanpedro.com.ar\/sitio\/wp-json\/wp\/v2\/users\/4"}],"replies":[{"embeddable":true,"href":"https:\/\/eldiariodesanpedro.com.ar\/sitio\/wp-json\/wp\/v2\/comments?post=83182"}],"version-history":[{"count":1,"href":"https:\/\/eldiariodesanpedro.com.ar\/sitio\/wp-json\/wp\/v2\/posts\/83182\/revisions"}],"predecessor-version":[{"id":83186,"href":"https:\/\/eldiariodesanpedro.com.ar\/sitio\/wp-json\/wp\/v2\/posts\/83182\/revisions\/83186"}],"wp:featuredmedia":[{"embeddable":true,"href":"https:\/\/eldiariodesanpedro.com.ar\/sitio\/wp-json\/wp\/v2\/media\/83183"}],"wp:attachment":[{"href":"https:\/\/eldiariodesanpedro.com.ar\/sitio\/wp-json\/wp\/v2\/media?parent=83182"}],"wp:term":[{"taxonomy":"category","embeddable":true,"href":"https:\/\/eldiariodesanpedro.com.ar\/sitio\/wp-json\/wp\/v2\/categories?post=83182"},{"taxonomy":"post_tag","embeddable":true,"href":"https:\/\/eldiariodesanpedro.com.ar\/sitio\/wp-json\/wp\/v2\/tags?post=83182"}],"curies":[{"name":"wp","href":"https:\/\/api.w.org\/{rel}","templated":true}]}}